{"id":103220,"date":"2022-12-15T07:30:00","date_gmt":"2022-12-15T06:30:00","guid":{"rendered":"https:\/\/www.alzd.de\/2022\/12\/15\/empire-des-indes-and-peau-despagne-by-oriza-l-legrand\/"},"modified":"2022-12-15T19:49:46","modified_gmt":"2022-12-15T18:49:46","slug":"empire-des-indes-and-peau-despagne-by-oriza-l-legrand","status":"publish","type":"post","link":"https:\/\/www.alzd.de\/en\/2022\/12\/15\/empire-des-indes-and-peau-despagne-by-oriza-l-legrand\/","title":{"rendered":"Empire des Indes and Peau d&#8217;Espagne by Oriza L. Legrand"},"content":{"rendered":"\n<p>With <a href=\"https:\/\/www.ausliebezumduft.de\/oriza-l-legrand-empire-des-indes.html\" target=\"_blank\" rel=\"noreferrer noopener\">Empire des Indes<\/a> and <a href=\"https:\/\/www.ausliebezumduft.de\/oriza-l-legrand-peau-d-espagne.html\" target=\"_blank\" rel=\"noreferrer noopener\">Peau d&#8217;Espagne<\/a>, the French traditional fragrance house <a href=\"https:\/\/www.ausliebezumduft.de\/duefte\/oriza-l-legrand.html\" target=\"_blank\" rel=\"noreferrer noopener\">Oriza L. Legrand<\/a> presents us with two new Eaux de Parfum. Ten years ago, Hugo Lambert and Franck Belaiche-Bonniot breathed new life into this special fragrance brand, originally founded in 1720, and the portfolio of <a href=\"https:\/\/www.ausliebezumduft.de\/\" target=\"_blank\" rel=\"noreferrer noopener\">Aus Liebe zum Duft<\/a> now includes a full twenty-three creations from the label.<\/p>\n<div class=\"wp-block-image\">\n<figure class=\"aligncenter size-large\"><img decoding=\"async\" width=\"1080\" height=\"720\" src=\"https:\/\/www.alzd.de\/wp-content\/2022\/12\/kelly-sikkema-K3ERTaW5m7E-unsplash-1080x720.jpg\" alt=\"Shadow on leather\" class=\"wp-image-103181\" title=\"Shadow on leather\" srcset=\"https:\/\/www.alzd.de\/wp-content\/2022\/12\/kelly-sikkema-K3ERTaW5m7E-unsplash-1080x720.jpg 1080w, https:\/\/www.alzd.de\/wp-content\/2022\/12\/kelly-sikkema-K3ERTaW5m7E-unsplash-720x480.jpg 720w, https:\/\/www.alzd.de\/wp-content\/2022\/12\/kelly-sikkema-K3ERTaW5m7E-unsplash-360x240.jpg 360w, https:\/\/www.alzd.de\/wp-content\/2022\/12\/kelly-sikkema-K3ERTaW5m7E-unsplash-768x512.jpg 768w, https:\/\/www.alzd.de\/wp-content\/2022\/12\/kelly-sikkema-K3ERTaW5m7E-unsplash-1536x1024.jpg 1536w, https:\/\/www.alzd.de\/wp-content\/2022\/12\/kelly-sikkema-K3ERTaW5m7E-unsplash-2048x1365.jpg 2048w, https:\/\/www.alzd.de\/wp-content\/2022\/12\/kelly-sikkema-K3ERTaW5m7E-unsplash-525x350.jpg 525w\" sizes=\"(max-width: 1080px) 100vw, 1080px\" \/><figcaption class=\"wp-element-caption\">Photo by <a href=\"https:\/\/unsplash.com\/es\/@kellysikkema?utm_source=unsplash&amp;utm_medium=referral&amp;utm_content=creditCopyText\">Kelly Sikkema<\/a> on <a href=\"https:\/\/unsplash.com\/s\/photos\/leather?utm_source=unsplash&amp;utm_medium=referral&amp;utm_content=creditCopyText\">Unsplash<\/a><\/figcaption><\/figure>\n<\/div>\n<p>It should be spicy-oriental and leathery today with Empire des Indes and Peau d&#8217;Espagne, and thus it could be a fragrance experience that fits quite excellently into the current season.<\/p>\n\n<h2 class=\"wp-block-heading\">Empire des Indes &#8211; Scent of the Empress<\/h2>\n\n<p>Empire des Indes by <a href=\"https:\/\/www.alzd.de\/en\/tag\/oriza-l-legrand-en\/\" target=\"_blank\" rel=\"noreferrer noopener\">Oriza L. Legrand<\/a> is reminiscent of Queen Victoria and can be considered a fragrant tribute to the Queen of Great Britain and the Empress of India. It was not until 1947 that the South Asian state became independent of the British crown, which is why Queen Victoria, who lived in the 19th century, was given the title &#8220;Empress of India&#8221; in 1876.<\/p>\n\n<blockquote class=\"wp-block-quote is-layout-flow wp-block-quote-is-layout-flow\">\n<p>Queen Victoria often stayed at the Excelsior Regina Palace in Nice, then owned by Oriza L. Legrand. The house created this precious perfume in honor of their loyal customer, the Empress of India, to commemorate the glorious days of the Maharajas.<\/p>\n<\/blockquote>\n<div class=\"wp-block-image\">\n<figure class=\"aligncenter size-large\"><img decoding=\"async\" width=\"1080\" height=\"1078\" src=\"https:\/\/www.alzd.de\/wp-content\/2022\/12\/Bildschirmfoto-vom-2022-12-15-13-15-37-1080x1078.jpg\" alt=\"Oriza L. Legrand - Empire des Indes\" class=\"wp-image-103186\" title=\"Oriza L. Legrand - Empire des Indes\" srcset=\"https:\/\/www.alzd.de\/wp-content\/2022\/12\/Bildschirmfoto-vom-2022-12-15-13-15-37-1080x1078.jpg 1080w, https:\/\/www.alzd.de\/wp-content\/2022\/12\/Bildschirmfoto-vom-2022-12-15-13-15-37-720x720.jpg 720w, https:\/\/www.alzd.de\/wp-content\/2022\/12\/Bildschirmfoto-vom-2022-12-15-13-15-37-360x360.jpg 360w, https:\/\/www.alzd.de\/wp-content\/2022\/12\/Bildschirmfoto-vom-2022-12-15-13-15-37-768x767.jpg 768w, https:\/\/www.alzd.de\/wp-content\/2022\/12\/Bildschirmfoto-vom-2022-12-15-13-15-37-351x350.jpg 351w, https:\/\/www.alzd.de\/wp-content\/2022\/12\/Bildschirmfoto-vom-2022-12-15-13-15-37.jpg 1202w\" sizes=\"(max-width: 1080px) 100vw, 1080px\" \/><figcaption class=\"wp-element-caption\">Empire des Indes from <a href=\"https:\/\/www.instagram.com\/orizalegrand\/\" target=\"_blank\" rel=\"noreferrer noopener\">Instagram<\/a><\/figcaption><\/figure>\n<\/div>\n<p>The ingredients of Empire des Indes promise a thoroughly spicy and lovely fragrance character: <strong>ginger, bergamot, heliotrope, champaca, tolu balsam, benzoin resin, sandalwood<\/strong> and <strong>opoponax<\/strong>. <\/p>\n\n<h3 class=\"wp-block-heading\">Oriental beautiful<\/h3>\n\n<p>Citrusy and sweet, with a fine fruity sharpness Empire des Indes starts the fragrance, immediately followed by the warm and spicy notes of various resins and woods, which shimmer in the eau de parfum around the bet.<\/p>\n\n<p>Opoponax, which I love so much and unfortunately use so rarely, gives off a wonderfully comforting and sweet scent that melds with the creamy, chocolaty nuances of tolu balsam and benzoin resin. Heliotrope and champaka underscore the sensual-oriental melange with vanilla-floral accents, before Empire des Indes finally fades with powdery-lovely notes.<\/p>\n<div class=\"wp-block-image\">\n<figure class=\"aligncenter size-full\"><img decoding=\"async\" width=\"600\" height=\"600\" src=\"https:\/\/www.alzd.de\/wp-content\/2022\/12\/empire_des_indes.jpg\" alt=\"Oriza L. Legrand - Empire des Indes\" class=\"wp-image-103191\" title=\"Oriza L. Legrand - Empire des Indes\" srcset=\"https:\/\/www.alzd.de\/wp-content\/2022\/12\/empire_des_indes.jpg 600w, https:\/\/www.alzd.de\/wp-content\/2022\/12\/empire_des_indes-360x360.jpg 360w, https:\/\/www.alzd.de\/wp-content\/2022\/12\/empire_des_indes-350x350.jpg 350w\" sizes=\"(max-width: 600px) 100vw, 600px\" \/><\/figure>\n<\/div>\n<p>India, spices and incense sticks come to mind when I think of Empire des Indes. The eau de parfum captivates with its oriental fragrance character and a creamy balsamic sweetness. A beguiling and intoxicating creation, a little nostalgic that warms the soul and heart. For office and everyday life in my eyes a bit too opulent, so rather a composition for the evening or the big appearance. Seasonally in autumn and winter definitely well kept.<\/p>\n\n<div class=\"wp-block-buttons is-content-justification-center is-layout-flex wp-container-core-buttons-is-layout-16018d1d wp-block-buttons-is-layout-flex\">\n<div class=\"wp-block-button has-custom-width wp-block-button__width-50\"><a class=\"wp-block-button__link has-white-color has-text-color has-background wp-element-button\" href=\"https:\/\/www.ausliebezumduft.de\/oriza-l-legrand-empire-des-indes.html\" style=\"background-color:#e7ac22\" target=\"_blank\" rel=\"noreferrer noopener\"><strong>Empire des Indes<\/strong><\/a><\/div>\n<\/div>\n\n<div style=\"height:100px\" aria-hidden=\"true\" class=\"wp-block-spacer\"><\/div>\n\n<h2 class=\"wp-block-heading\">Peau d&#8217;Espagne &#8211; Spanish leather<\/h2>\n\n<p>Peau d&#8217;Espagne, meaning &#8220;skin from Spain,&#8221; refers to leather gloves. In particular, the southern Spanish city of C\u00f3rdoba has been famous for centuries for the fine horse leather produced there. However, the brand does not tell us from what type of leather historical gloves were made.<\/p>\n\n<blockquote class=\"wp-block-quote is-layout-flow wp-block-quote-is-layout-flow\">\n<p>From Florence to Grasse, from C\u00f3rdoba to Versailles, it has been fashionable since the Renaissance to enhance leather with luxurious fragrance essences. Under the reign of Louis XIV, the society of glove perfumers flourished until its peak in the 18th century.<\/p>\n<\/blockquote>\n<div class=\"wp-block-image\">\n<figure class=\"aligncenter size-large\"><img decoding=\"async\" width=\"864\" height=\"1080\" src=\"https:\/\/www.alzd.de\/wp-content\/2022\/12\/311583167_5742529822434089_9223262951934803706_n-864x1080.jpg\" alt=\"Oriza L. Legrand - Peau d'Espagne\" class=\"wp-image-103198\" title=\"Oriza L. Legrand - Peau d'Espagne\" srcset=\"https:\/\/www.alzd.de\/wp-content\/2022\/12\/311583167_5742529822434089_9223262951934803706_n-864x1080.jpg 864w, https:\/\/www.alzd.de\/wp-content\/2022\/12\/311583167_5742529822434089_9223262951934803706_n-576x720.jpg 576w, https:\/\/www.alzd.de\/wp-content\/2022\/12\/311583167_5742529822434089_9223262951934803706_n-288x360.jpg 288w, https:\/\/www.alzd.de\/wp-content\/2022\/12\/311583167_5742529822434089_9223262951934803706_n-768x960.jpg 768w, https:\/\/www.alzd.de\/wp-content\/2022\/12\/311583167_5742529822434089_9223262951934803706_n-1229x1536.jpg 1229w, https:\/\/www.alzd.de\/wp-content\/2022\/12\/311583167_5742529822434089_9223262951934803706_n-280x350.jpg 280w, https:\/\/www.alzd.de\/wp-content\/2022\/12\/311583167_5742529822434089_9223262951934803706_n.jpg 1440w\" sizes=\"(max-width: 864px) 100vw, 864px\" \/><figcaption class=\"wp-element-caption\">Peau d&#8217;Espagne from <a href=\"https:\/\/www.instagram.com\/orizalegrand\/\" target=\"_blank\" rel=\"noreferrer noopener\">Instagram<\/a><\/figcaption><\/figure>\n<\/div>\n<p>With fragrance notes of <strong>rose, neroli, bergamot, verbena, clove, lavender, clove, sandalwood, birch tar, styrax resin<\/strong> and <strong>benzoin resin<\/strong>, Oriza L. Legrand could give us a spicy-floral and leathery fragrance spectacle.<\/p>\n\n<h3 class=\"wp-block-heading\">Wild, pristine and lush<\/h3>\n\n<p>&#8230; is Peau d&#8217;Espagne from the beginning and thus reveals a &#8211; at least for me &#8211; quite surprising start. I would have thought of a greenish-citrus and floral top note, to which gradually spices and woods, then resins push in the base. But far from it! <\/p>\n\n<p>The eau de parfum starts with an opulent mix of spicy and fruity notes, which is accompanied by a not to be despised animalic leather accord that is as jet black as leather can get. Certainly an unusual scent, at least to my nose, that is edgy and bold, and I wouldn&#8217;t really call it pleasing. Gradually, the fragrance becomes a little softer and calmer, and finally fades out after a long time with dark smoky leather notes.<\/p>\n<div class=\"wp-block-image\">\n<figure class=\"aligncenter size-full\"><img decoding=\"async\" width=\"600\" height=\"600\" src=\"https:\/\/www.alzd.de\/wp-content\/2022\/12\/peau_d_espagne_1.jpg\" alt=\"Oriza L. Legrand - Peau d'Espagne\" class=\"wp-image-103207\" title=\"Oriza L. Legrand - Peau d'Espagne\" srcset=\"https:\/\/www.alzd.de\/wp-content\/2022\/12\/peau_d_espagne_1.jpg 600w, https:\/\/www.alzd.de\/wp-content\/2022\/12\/peau_d_espagne_1-360x360.jpg 360w, https:\/\/www.alzd.de\/wp-content\/2022\/12\/peau_d_espagne_1-350x350.jpg 350w\" sizes=\"(max-width: 600px) 100vw, 600px\" \/><\/figure>\n<\/div>\n<p>Peau d&#8217;Espagne is truly a fragrance spectacle. Perfect for friends of creations with rough edges, of dark, gloomy eaux de parfum with rich, raven black and birch tar leather notes, of opulent and striking compositions that stand out and make a statement. Peau d&#8217;Espagne by Oriza L. Legrand is not an everyday or office fragrance, not an inconspicuous one, but a powerful and impressive olfactory companion for special occasions. \ud83d\ude42<\/p>\n\n<div class=\"wp-block-buttons is-content-justification-center is-layout-flex wp-container-core-buttons-is-layout-16018d1d wp-block-buttons-is-layout-flex\">\n<div class=\"wp-block-button has-custom-width wp-block-button__width-50\"><a class=\"wp-block-button__link has-white-color has-text-color has-background wp-element-button\" href=\"https:\/\/www.ausliebezumduft.de\/oriza-l-legrand-peau-d-espagne.html\" style=\"background-color:#b59a57\" target=\"_blank\" rel=\"noreferrer noopener\"><strong>Peau d\u2019Espagne<\/strong><\/a><\/div>\n<\/div>\n","protected":false},"excerpt":{"rendered":"<p>With Empire des Indes and Peau d&#8217;Espagne, the French traditional fragrance house Oriza L. Legrand presents us with two new Eaux de Parfum. Ten years ago, Hugo Lambert&#8230;<\/p>\n<div class=\"more-link-wrapper\"><a class=\"more-link\" href=\"https:\/\/www.alzd.de\/en\/2022\/12\/15\/empire-des-indes-and-peau-despagne-by-oriza-l-legrand\/\">WEITERLESEN<span class=\"screen-reader-text\">Empire des Indes and Peau d&#8217;Espagne by Oriza L. Legrand<\/span><\/a><\/div>\n","protected":false},"author":535,"featured_media":103185,"comment_status":"open","ping_status":"closed","sticky":false,"template":"","format":"standard","meta":{"footnotes":""},"categories":[1149,1117,1115,1160,1113,1116,1114],"tags":[1763],"class_list":["post-103220","post","type-post","status-publish","format-standard","has-post-thumbnail","hentry","category-amber-resins","category-fragrances","category-leather","category-orientals","category-spicy","category-tobacco-smoky","category-woody","tag-oriza-l-legrand-en","excerpt","zoom","full-without-featured","even","excerpt-0"],"yoast_head":"<!-- This site is optimized with the Yoast SEO plugin v27.5 - https:\/\/yoast.com\/product\/yoast-seo-wordpress\/ -->\n<title>Empire des Indes and Peau d&#039;Espagne by Oriza L. Legrand<\/title>\n<meta name=\"description\" content=\"With Empire des Indes and Peau d&#039;Espagne, the French traditional fragrance house Oriza L. Legrand presents us with two new Eaux de Parfum.\" \/>\n<meta name=\"robots\" content=\"index, follow, max-snippet:-1, max-image-preview:large, max-video-preview:-1\" \/>\n<link rel=\"canonical\" href=\"https:\/\/www.alzd.de\/en\/2022\/12\/15\/empire-des-indes-and-peau-despagne-by-oriza-l-legrand\/\" \/>\n<meta property=\"og:locale\" content=\"en_US\" \/>\n<meta property=\"og:type\" content=\"article\" \/>\n<meta property=\"og:title\" content=\"Empire des Indes and Peau d&#039;Espagne by Oriza L. Legrand\" \/>\n<meta property=\"og:url\" content=\"https:\/\/www.alzd.de\/en\/2022\/12\/15\/empire-des-indes-and-peau-despagne-by-oriza-l-legrand\/\" \/>\n<meta property=\"og:site_name\" content=\"Das Duft-Tagebuch\" \/>\n<meta property=\"article:publisher\" content=\"https:\/\/www.facebook.com\/dufttagebuch\/\" \/>\n<meta property=\"article:author\" content=\"https:\/\/www.facebook.com\/stephanie.tkaczik\" \/>\n<meta property=\"article:published_time\" content=\"2022-12-15T06:30:00+00:00\" \/>\n<meta property=\"article:modified_time\" content=\"2022-12-15T18:49:46+00:00\" \/>\n<meta property=\"og:image\" content=\"https:\/\/www.alzd.de\/wp-content\/2022\/12\/bb_kelly-sikkema-K3ERTaW5m7E-unsplash.jpg\" \/>\n\t<meta property=\"og:image:width\" content=\"719\" \/>\n\t<meta property=\"og:image:height\" content=\"434\" \/>\n\t<meta property=\"og:image:type\" content=\"image\/jpeg\" \/>\n<meta name=\"author\" content=\"Julia Bir\u00f3\" \/>\n<meta name=\"twitter:card\" content=\"summary_large_image\" \/>\n<meta name=\"twitter:creator\" content=\"@ausliebezumduft\" \/>\n<meta name=\"twitter:site\" content=\"@ausliebezumduft\" \/>\n<script type=\"application\/ld+json\" class=\"yoast-schema-graph\">{\"@context\":\"https:\\\/\\\/schema.org\",\"@graph\":[{\"@type\":\"Article\",\"@id\":\"https:\\\/\\\/www.alzd.de\\\/en\\\/2022\\\/12\\\/15\\\/empire-des-indes-and-peau-despagne-by-oriza-l-legrand\\\/#article\",\"isPartOf\":{\"@id\":\"https:\\\/\\\/www.alzd.de\\\/en\\\/2022\\\/12\\\/15\\\/empire-des-indes-and-peau-despagne-by-oriza-l-legrand\\\/\"},\"author\":{\"name\":\"Julia Bir\u00f3\",\"@id\":\"https:\\\/\\\/www.alzd.de\\\/en\\\/#\\\/schema\\\/person\\\/8efcd8f02447fdbe8f29ad465897d04e\"},\"headline\":\"Empire des Indes and Peau d&#8217;Espagne by Oriza L. Legrand\",\"datePublished\":\"2022-12-15T06:30:00+00:00\",\"dateModified\":\"2022-12-15T18:49:46+00:00\",\"mainEntityOfPage\":{\"@id\":\"https:\\\/\\\/www.alzd.de\\\/en\\\/2022\\\/12\\\/15\\\/empire-des-indes-and-peau-despagne-by-oriza-l-legrand\\\/\"},\"wordCount\":755,\"commentCount\":0,\"publisher\":{\"@id\":\"https:\\\/\\\/www.alzd.de\\\/en\\\/#organization\"},\"image\":{\"@id\":\"https:\\\/\\\/www.alzd.de\\\/en\\\/2022\\\/12\\\/15\\\/empire-des-indes-and-peau-despagne-by-oriza-l-legrand\\\/#primaryimage\"},\"thumbnailUrl\":\"https:\\\/\\\/www.alzd.de\\\/wp-content\\\/2022\\\/12\\\/bb_kelly-sikkema-K3ERTaW5m7E-unsplash.jpg\",\"keywords\":[\"Oriza L. Legrand\"],\"articleSection\":[\"Amber &amp; Resins\",\"Fragrances\",\"Leather\",\"Orientals\",\"Spicy\",\"Tobacco &amp; Smoky\",\"Woody\"],\"inLanguage\":\"en-US\",\"potentialAction\":[{\"@type\":\"CommentAction\",\"name\":\"Comment\",\"target\":[\"https:\\\/\\\/www.alzd.de\\\/en\\\/2022\\\/12\\\/15\\\/empire-des-indes-and-peau-despagne-by-oriza-l-legrand\\\/#respond\"]}]},{\"@type\":\"WebPage\",\"@id\":\"https:\\\/\\\/www.alzd.de\\\/en\\\/2022\\\/12\\\/15\\\/empire-des-indes-and-peau-despagne-by-oriza-l-legrand\\\/\",\"url\":\"https:\\\/\\\/www.alzd.de\\\/en\\\/2022\\\/12\\\/15\\\/empire-des-indes-and-peau-despagne-by-oriza-l-legrand\\\/\",\"name\":\"Empire des Indes and Peau d'Espagne by Oriza L. Legrand\",\"isPartOf\":{\"@id\":\"https:\\\/\\\/www.alzd.de\\\/en\\\/#website\"},\"primaryImageOfPage\":{\"@id\":\"https:\\\/\\\/www.alzd.de\\\/en\\\/2022\\\/12\\\/15\\\/empire-des-indes-and-peau-despagne-by-oriza-l-legrand\\\/#primaryimage\"},\"image\":{\"@id\":\"https:\\\/\\\/www.alzd.de\\\/en\\\/2022\\\/12\\\/15\\\/empire-des-indes-and-peau-despagne-by-oriza-l-legrand\\\/#primaryimage\"},\"thumbnailUrl\":\"https:\\\/\\\/www.alzd.de\\\/wp-content\\\/2022\\\/12\\\/bb_kelly-sikkema-K3ERTaW5m7E-unsplash.jpg\",\"datePublished\":\"2022-12-15T06:30:00+00:00\",\"dateModified\":\"2022-12-15T18:49:46+00:00\",\"description\":\"With Empire des Indes and Peau d'Espagne, the French traditional fragrance house Oriza L. Legrand presents us with two new Eaux de Parfum.\",\"breadcrumb\":{\"@id\":\"https:\\\/\\\/www.alzd.de\\\/en\\\/2022\\\/12\\\/15\\\/empire-des-indes-and-peau-despagne-by-oriza-l-legrand\\\/#breadcrumb\"},\"inLanguage\":\"en-US\",\"potentialAction\":[{\"@type\":\"ReadAction\",\"target\":[\"https:\\\/\\\/www.alzd.de\\\/en\\\/2022\\\/12\\\/15\\\/empire-des-indes-and-peau-despagne-by-oriza-l-legrand\\\/\"]}]},{\"@type\":\"ImageObject\",\"inLanguage\":\"en-US\",\"@id\":\"https:\\\/\\\/www.alzd.de\\\/en\\\/2022\\\/12\\\/15\\\/empire-des-indes-and-peau-despagne-by-oriza-l-legrand\\\/#primaryimage\",\"url\":\"https:\\\/\\\/www.alzd.de\\\/wp-content\\\/2022\\\/12\\\/bb_kelly-sikkema-K3ERTaW5m7E-unsplash.jpg\",\"contentUrl\":\"https:\\\/\\\/www.alzd.de\\\/wp-content\\\/2022\\\/12\\\/bb_kelly-sikkema-K3ERTaW5m7E-unsplash.jpg\",\"width\":719,\"height\":434},{\"@type\":\"BreadcrumbList\",\"@id\":\"https:\\\/\\\/www.alzd.de\\\/en\\\/2022\\\/12\\\/15\\\/empire-des-indes-and-peau-despagne-by-oriza-l-legrand\\\/#breadcrumb\",\"itemListElement\":[{\"@type\":\"ListItem\",\"position\":1,\"name\":\"Startseite\",\"item\":\"https:\\\/\\\/www.alzd.de\\\/en\\\/\"},{\"@type\":\"ListItem\",\"position\":2,\"name\":\"Empire des Indes and Peau d&#8217;Espagne by Oriza L. Legrand\"}]},{\"@type\":\"WebSite\",\"@id\":\"https:\\\/\\\/www.alzd.de\\\/en\\\/#website\",\"url\":\"https:\\\/\\\/www.alzd.de\\\/en\\\/\",\"name\":\"Das Duft-Tagebuch\",\"description\":\"Das Parfumblog von Aus Liebe zum Duft\",\"publisher\":{\"@id\":\"https:\\\/\\\/www.alzd.de\\\/en\\\/#organization\"},\"potentialAction\":[{\"@type\":\"SearchAction\",\"target\":{\"@type\":\"EntryPoint\",\"urlTemplate\":\"https:\\\/\\\/www.alzd.de\\\/en\\\/?s={search_term_string}\"},\"query-input\":{\"@type\":\"PropertyValueSpecification\",\"valueRequired\":true,\"valueName\":\"search_term_string\"}}],\"inLanguage\":\"en-US\"},{\"@type\":\"Organization\",\"@id\":\"https:\\\/\\\/www.alzd.de\\\/en\\\/#organization\",\"name\":\"Das Duft-Tagebuch\",\"url\":\"https:\\\/\\\/www.alzd.de\\\/en\\\/\",\"logo\":{\"@type\":\"ImageObject\",\"inLanguage\":\"en-US\",\"@id\":\"https:\\\/\\\/www.alzd.de\\\/en\\\/#\\\/schema\\\/logo\\\/image\\\/\",\"url\":\"https:\\\/\\\/www.alzd.de\\\/wp-content\\\/2023\\\/08\\\/alzd_dufttagebuch.png\",\"contentUrl\":\"https:\\\/\\\/www.alzd.de\\\/wp-content\\\/2023\\\/08\\\/alzd_dufttagebuch.png\",\"width\":1804,\"height\":416,\"caption\":\"Das Duft-Tagebuch\"},\"image\":{\"@id\":\"https:\\\/\\\/www.alzd.de\\\/en\\\/#\\\/schema\\\/logo\\\/image\\\/\"},\"sameAs\":[\"https:\\\/\\\/www.facebook.com\\\/dufttagebuch\\\/\",\"https:\\\/\\\/x.com\\\/ausliebezumduft\",\"https:\\\/\\\/www.instagram.com\\\/ausliebezumduft.de\\\/\",\"https:\\\/\\\/www.youtube.com\\\/c\\\/ausliebezumduft\"]},{\"@type\":\"Person\",\"@id\":\"https:\\\/\\\/www.alzd.de\\\/en\\\/#\\\/schema\\\/person\\\/8efcd8f02447fdbe8f29ad465897d04e\",\"name\":\"Julia Bir\u00f3\",\"image\":{\"@type\":\"ImageObject\",\"inLanguage\":\"en-US\",\"@id\":\"https:\\\/\\\/www.alzd.de\\\/wp-content\\\/2018\\\/02\\\/cropped-cropped-mitarbeiterbilder_steffi--96x96.jpg\",\"url\":\"https:\\\/\\\/www.alzd.de\\\/wp-content\\\/2018\\\/02\\\/cropped-cropped-mitarbeiterbilder_steffi--96x96.jpg\",\"contentUrl\":\"https:\\\/\\\/www.alzd.de\\\/wp-content\\\/2018\\\/02\\\/cropped-cropped-mitarbeiterbilder_steffi--96x96.jpg\",\"caption\":\"Julia Bir\u00f3\"},\"description\":\"Bereits 2010 gingen so einige Blogbeitr\u00e4ge auf mein Konto. Dann war ich \u201ekurz\u201c weg \u2013 sechs Jahre. Umso mehr freut es mich, dass ich nun wieder die Chance bekomme, mein N\u00e4schen im Dienste der Duftrezension schnuppern zu lassen und eifrig in die Tasten zu hauen. Was Nischend\u00fcfte angeht, habe ich damals \u00fcbrigens schnell Feuer gefangen. Meine Ausbildung tat dazu ihr \u00dcbriges: Als diplomierte Biologin kenne ich mich nicht nur mit Fauna und Flora, sondern auch recht gut mit der Herstellung von \u00d6len und Extrakten aus, was den Reiz der Parfumwelt nat\u00fcrlich noch gr\u00f6\u00dfer macht.\",\"sameAs\":[\"https:\\\/\\\/biro.is\\\/\",\"https:\\\/\\\/www.facebook.com\\\/stephanie.tkaczik\"],\"url\":\"https:\\\/\\\/www.alzd.de\\\/en\\\/author\\\/stephanie\\\/\"}]}<\/script>\n<!-- \/ Yoast SEO plugin. -->","yoast_head_json":{"title":"Empire des Indes and Peau d'Espagne by Oriza L. Legrand","description":"With Empire des Indes and Peau d'Espagne, the French traditional fragrance house Oriza L. Legrand presents us with two new Eaux de Parfum.","robots":{"index":"index","follow":"follow","max-snippet":"max-snippet:-1","max-image-preview":"max-image-preview:large","max-video-preview":"max-video-preview:-1"},"canonical":"https:\/\/www.alzd.de\/en\/2022\/12\/15\/empire-des-indes-and-peau-despagne-by-oriza-l-legrand\/","og_locale":"en_US","og_type":"article","og_title":"Empire des Indes and Peau d'Espagne by Oriza L. Legrand","og_url":"https:\/\/www.alzd.de\/en\/2022\/12\/15\/empire-des-indes-and-peau-despagne-by-oriza-l-legrand\/","og_site_name":"Das Duft-Tagebuch","article_publisher":"https:\/\/www.facebook.com\/dufttagebuch\/","article_author":"https:\/\/www.facebook.com\/stephanie.tkaczik","article_published_time":"2022-12-15T06:30:00+00:00","article_modified_time":"2022-12-15T18:49:46+00:00","og_image":[{"width":719,"height":434,"url":"https:\/\/www.alzd.de\/wp-content\/2022\/12\/bb_kelly-sikkema-K3ERTaW5m7E-unsplash.jpg","type":"image\/jpeg"}],"author":"Julia Bir\u00f3","twitter_card":"summary_large_image","twitter_creator":"@ausliebezumduft","twitter_site":"@ausliebezumduft","schema":{"@context":"https:\/\/schema.org","@graph":[{"@type":"Article","@id":"https:\/\/www.alzd.de\/en\/2022\/12\/15\/empire-des-indes-and-peau-despagne-by-oriza-l-legrand\/#article","isPartOf":{"@id":"https:\/\/www.alzd.de\/en\/2022\/12\/15\/empire-des-indes-and-peau-despagne-by-oriza-l-legrand\/"},"author":{"name":"Julia Bir\u00f3","@id":"https:\/\/www.alzd.de\/en\/#\/schema\/person\/8efcd8f02447fdbe8f29ad465897d04e"},"headline":"Empire des Indes and Peau d&#8217;Espagne by Oriza L. Legrand","datePublished":"2022-12-15T06:30:00+00:00","dateModified":"2022-12-15T18:49:46+00:00","mainEntityOfPage":{"@id":"https:\/\/www.alzd.de\/en\/2022\/12\/15\/empire-des-indes-and-peau-despagne-by-oriza-l-legrand\/"},"wordCount":755,"commentCount":0,"publisher":{"@id":"https:\/\/www.alzd.de\/en\/#organization"},"image":{"@id":"https:\/\/www.alzd.de\/en\/2022\/12\/15\/empire-des-indes-and-peau-despagne-by-oriza-l-legrand\/#primaryimage"},"thumbnailUrl":"https:\/\/www.alzd.de\/wp-content\/2022\/12\/bb_kelly-sikkema-K3ERTaW5m7E-unsplash.jpg","keywords":["Oriza L. Legrand"],"articleSection":["Amber &amp; Resins","Fragrances","Leather","Orientals","Spicy","Tobacco &amp; Smoky","Woody"],"inLanguage":"en-US","potentialAction":[{"@type":"CommentAction","name":"Comment","target":["https:\/\/www.alzd.de\/en\/2022\/12\/15\/empire-des-indes-and-peau-despagne-by-oriza-l-legrand\/#respond"]}]},{"@type":"WebPage","@id":"https:\/\/www.alzd.de\/en\/2022\/12\/15\/empire-des-indes-and-peau-despagne-by-oriza-l-legrand\/","url":"https:\/\/www.alzd.de\/en\/2022\/12\/15\/empire-des-indes-and-peau-despagne-by-oriza-l-legrand\/","name":"Empire des Indes and Peau d'Espagne by Oriza L. Legrand","isPartOf":{"@id":"https:\/\/www.alzd.de\/en\/#website"},"primaryImageOfPage":{"@id":"https:\/\/www.alzd.de\/en\/2022\/12\/15\/empire-des-indes-and-peau-despagne-by-oriza-l-legrand\/#primaryimage"},"image":{"@id":"https:\/\/www.alzd.de\/en\/2022\/12\/15\/empire-des-indes-and-peau-despagne-by-oriza-l-legrand\/#primaryimage"},"thumbnailUrl":"https:\/\/www.alzd.de\/wp-content\/2022\/12\/bb_kelly-sikkema-K3ERTaW5m7E-unsplash.jpg","datePublished":"2022-12-15T06:30:00+00:00","dateModified":"2022-12-15T18:49:46+00:00","description":"With Empire des Indes and Peau d'Espagne, the French traditional fragrance house Oriza L. Legrand presents us with two new Eaux de Parfum.","breadcrumb":{"@id":"https:\/\/www.alzd.de\/en\/2022\/12\/15\/empire-des-indes-and-peau-despagne-by-oriza-l-legrand\/#breadcrumb"},"inLanguage":"en-US","potentialAction":[{"@type":"ReadAction","target":["https:\/\/www.alzd.de\/en\/2022\/12\/15\/empire-des-indes-and-peau-despagne-by-oriza-l-legrand\/"]}]},{"@type":"ImageObject","inLanguage":"en-US","@id":"https:\/\/www.alzd.de\/en\/2022\/12\/15\/empire-des-indes-and-peau-despagne-by-oriza-l-legrand\/#primaryimage","url":"https:\/\/www.alzd.de\/wp-content\/2022\/12\/bb_kelly-sikkema-K3ERTaW5m7E-unsplash.jpg","contentUrl":"https:\/\/www.alzd.de\/wp-content\/2022\/12\/bb_kelly-sikkema-K3ERTaW5m7E-unsplash.jpg","width":719,"height":434},{"@type":"BreadcrumbList","@id":"https:\/\/www.alzd.de\/en\/2022\/12\/15\/empire-des-indes-and-peau-despagne-by-oriza-l-legrand\/#breadcrumb","itemListElement":[{"@type":"ListItem","position":1,"name":"Startseite","item":"https:\/\/www.alzd.de\/en\/"},{"@type":"ListItem","position":2,"name":"Empire des Indes and Peau d&#8217;Espagne by Oriza L. Legrand"}]},{"@type":"WebSite","@id":"https:\/\/www.alzd.de\/en\/#website","url":"https:\/\/www.alzd.de\/en\/","name":"Das Duft-Tagebuch","description":"Das Parfumblog von Aus Liebe zum Duft","publisher":{"@id":"https:\/\/www.alzd.de\/en\/#organization"},"potentialAction":[{"@type":"SearchAction","target":{"@type":"EntryPoint","urlTemplate":"https:\/\/www.alzd.de\/en\/?s={search_term_string}"},"query-input":{"@type":"PropertyValueSpecification","valueRequired":true,"valueName":"search_term_string"}}],"inLanguage":"en-US"},{"@type":"Organization","@id":"https:\/\/www.alzd.de\/en\/#organization","name":"Das Duft-Tagebuch","url":"https:\/\/www.alzd.de\/en\/","logo":{"@type":"ImageObject","inLanguage":"en-US","@id":"https:\/\/www.alzd.de\/en\/#\/schema\/logo\/image\/","url":"https:\/\/www.alzd.de\/wp-content\/2023\/08\/alzd_dufttagebuch.png","contentUrl":"https:\/\/www.alzd.de\/wp-content\/2023\/08\/alzd_dufttagebuch.png","width":1804,"height":416,"caption":"Das Duft-Tagebuch"},"image":{"@id":"https:\/\/www.alzd.de\/en\/#\/schema\/logo\/image\/"},"sameAs":["https:\/\/www.facebook.com\/dufttagebuch\/","https:\/\/x.com\/ausliebezumduft","https:\/\/www.instagram.com\/ausliebezumduft.de\/","https:\/\/www.youtube.com\/c\/ausliebezumduft"]},{"@type":"Person","@id":"https:\/\/www.alzd.de\/en\/#\/schema\/person\/8efcd8f02447fdbe8f29ad465897d04e","name":"Julia Bir\u00f3","image":{"@type":"ImageObject","inLanguage":"en-US","@id":"https:\/\/www.alzd.de\/wp-content\/2018\/02\/cropped-cropped-mitarbeiterbilder_steffi--96x96.jpg","url":"https:\/\/www.alzd.de\/wp-content\/2018\/02\/cropped-cropped-mitarbeiterbilder_steffi--96x96.jpg","contentUrl":"https:\/\/www.alzd.de\/wp-content\/2018\/02\/cropped-cropped-mitarbeiterbilder_steffi--96x96.jpg","caption":"Julia Bir\u00f3"},"description":"Bereits 2010 gingen so einige Blogbeitr\u00e4ge auf mein Konto. Dann war ich \u201ekurz\u201c weg \u2013 sechs Jahre. Umso mehr freut es mich, dass ich nun wieder die Chance bekomme, mein N\u00e4schen im Dienste der Duftrezension schnuppern zu lassen und eifrig in die Tasten zu hauen. Was Nischend\u00fcfte angeht, habe ich damals \u00fcbrigens schnell Feuer gefangen. Meine Ausbildung tat dazu ihr \u00dcbriges: Als diplomierte Biologin kenne ich mich nicht nur mit Fauna und Flora, sondern auch recht gut mit der Herstellung von \u00d6len und Extrakten aus, was den Reiz der Parfumwelt nat\u00fcrlich noch gr\u00f6\u00dfer macht.","sameAs":["https:\/\/biro.is\/","https:\/\/www.facebook.com\/stephanie.tkaczik"],"url":"https:\/\/www.alzd.de\/en\/author\/stephanie\/"}]}},"wp-worthy-pixel":{"ignored":false,"public":null,"server":null,"url":null},"wp-worthy-type":"normal","_links":{"self":[{"href":"https:\/\/www.alzd.de\/en\/wp-json\/wp\/v2\/posts\/103220","targetHints":{"allow":["GET"]}}],"collection":[{"href":"https:\/\/www.alzd.de\/en\/wp-json\/wp\/v2\/posts"}],"about":[{"href":"https:\/\/www.alzd.de\/en\/wp-json\/wp\/v2\/types\/post"}],"author":[{"embeddable":true,"href":"https:\/\/www.alzd.de\/en\/wp-json\/wp\/v2\/users\/535"}],"replies":[{"embeddable":true,"href":"https:\/\/www.alzd.de\/en\/wp-json\/wp\/v2\/comments?post=103220"}],"version-history":[{"count":3,"href":"https:\/\/www.alzd.de\/en\/wp-json\/wp\/v2\/posts\/103220\/revisions"}],"predecessor-version":[{"id":103223,"href":"https:\/\/www.alzd.de\/en\/wp-json\/wp\/v2\/posts\/103220\/revisions\/103223"}],"wp:featuredmedia":[{"embeddable":true,"href":"https:\/\/www.alzd.de\/en\/wp-json\/wp\/v2\/media\/103185"}],"wp:attachment":[{"href":"https:\/\/www.alzd.de\/en\/wp-json\/wp\/v2\/media?parent=103220"}],"wp:term":[{"taxonomy":"category","embeddable":true,"href":"https:\/\/www.alzd.de\/en\/wp-json\/wp\/v2\/categories?post=103220"},{"taxonomy":"post_tag","embeddable":true,"href":"https:\/\/www.alzd.de\/en\/wp-json\/wp\/v2\/tags?post=103220"}],"curies":[{"name":"wp","href":"https:\/\/api.w.org\/{rel}","templated":true}]}}