{"id":102560,"date":"2022-11-29T07:30:00","date_gmt":"2022-11-29T06:30:00","guid":{"rendered":"https:\/\/www.alzd.de\/2022\/11\/29\/in-the-interview-j-f-schwarzloses-founder-lutz-herrmann-part-ii\/"},"modified":"2022-11-29T10:56:50","modified_gmt":"2022-11-29T09:56:50","slug":"in-the-interview-j-f-schwarzloses-founder-lutz-herrmann-part-ii","status":"publish","type":"post","link":"https:\/\/www.alzd.de\/en\/2022\/11\/29\/in-the-interview-j-f-schwarzloses-founder-lutz-herrmann-part-ii\/","title":{"rendered":"In the interview: J.F. Schwarzlose&#8217;s founder Lutz Herrmann &#8211; Part II"},"content":{"rendered":"\n<p>Continuing today with the second and last part of my interview with Lutz Herrmann of <a href=\"https:\/\/www.ausliebezumduft.de\/duefte\/j-f-schwarzlose-berlin.html\" target=\"_blank\" rel=\"noreferrer noopener\">J.F. Schwarzlose<\/a>. I like to link you <a href=\"https:\/\/www.alzd.de\/en\/2022\/11\/28\/interview-with-j-f-schwarzloses-founder-lutz-herrmann-how-it-all-began\/\" target=\"_blank\" rel=\"noreferrer noopener\">here<\/a> again the first part, for all who missed the post yesterday. Enjoy reading! \ud83d\ude42<\/p>\n<div class=\"wp-block-image\">\n<figure class=\"aligncenter size-large\"><img decoding=\"async\" width=\"720\" height=\"1080\" src=\"https:\/\/www.alzd.de\/wp-content\/2022\/11\/JFS_LutzHerrmann_LowRes-720x1080.jpg\" alt=\"Lutz Herrmann &#xA9; J.F.S. Parfums Berlin GmbH &amp;amp; Co.KG\" class=\"wp-image-102534\" title=\"Lutz Herrmann &#xA9; J.F.S. Parfums Berlin GmbH &amp;amp; Co.KG\" srcset=\"https:\/\/www.alzd.de\/wp-content\/2022\/11\/JFS_LutzHerrmann_LowRes-720x1080.jpg 720w, https:\/\/www.alzd.de\/wp-content\/2022\/11\/JFS_LutzHerrmann_LowRes-480x720.jpg 480w, https:\/\/www.alzd.de\/wp-content\/2022\/11\/JFS_LutzHerrmann_LowRes-240x360.jpg 240w, https:\/\/www.alzd.de\/wp-content\/2022\/11\/JFS_LutzHerrmann_LowRes-768x1152.jpg 768w, https:\/\/www.alzd.de\/wp-content\/2022\/11\/JFS_LutzHerrmann_LowRes-233x350.jpg 233w, https:\/\/www.alzd.de\/wp-content\/2022\/11\/JFS_LutzHerrmann_LowRes.jpg 800w\" sizes=\"(max-width: 720px) 100vw, 720px\" \/><figcaption class=\"wp-element-caption\">Lutz Herrmann \u00a9 J.F.S. Parfums Berlin GmbH &amp; Co.KG<\/figcaption><\/figure>\n<\/div>\n<p>How would you define the signature of Schwarzlose or the fragrances of the brand then and now?<\/p>\n\n<blockquote class=\"wp-block-quote is-layout-flow wp-block-quote-is-layout-flow\">\n<p>Schwarzlose offered quality that was largely unique in the German perfume market, and we are trying to maintain this tradition. At that time, the trends were often set by the French. We, on the other hand, make ourselves independent of the trend because we use history as a source. This alone brings to light so much of our own that the current trends do not determine our fragrances. But sometimes trends and new developments on our part come together, such as with our next launch Rosa Centifolia. This has been the absolute classic from Schwarzlose since 1912 and the fragrance has also been excellently received internationally.<\/p>\n\n\n\n<p>The design of the flacons deliberately fades into the background. Visual and design features include the prominent lettering, which is based on the old logo, and also the design of the lid, both of which are based on designs by Bauhaus architect &#8211; and student of Mies van der Rohe &#8211; Eduard Ludwig. The latter revised the entire range of the Schwarzlose brand from 1948 on. Also in the design is our credo: to give the fragrance discreetly the aura to unfold and not to whitewash it in any form gimmicky and put in the background.<\/p>\n<\/blockquote>\n\n<p>Your latest fragrance is <a href=\"https:\/\/www.ausliebezumduft.de\/j-f-schwarzlose-berlin-rosa-centifolia.html\" target=\"_blank\" rel=\"noreferrer noopener\">Rosa Centifolia<\/a>, which you mentioned and which has recently become available at <a href=\"https:\/\/www.ausliebezumduft.de\" target=\"_blank\" rel=\"noreferrer noopener\">Aus Liebe zum Duft<\/a>. What is special about this creation?<\/p>\n\n<blockquote class=\"wp-block-quote is-layout-flow wp-block-quote-is-layout-flow\">\n<p> Personally, I found it difficult to approach this fragrance and its reinterpretation. We have made various attempts to reinterpret the fragrance since 2012, and it has now actually taken 10 years to find the right formula. The fragrance was the icon of Schwarzlose. Around 1930 a trial was held in Budapest because of the trademark right even to the name Rosa Centifolia. Because it is the botanical name of a type of rose, the dog rose, and there were competitors who called their products the same. In the process, the Schwarzlose brand was able to ensure that it would retain its unique selling proposition because of its almost 20-year history. Other suppliers could be prohibited by Schwarzlose from using the name Rosa Centifolia for their products. An unusual process.<\/p>\n<\/blockquote>\n<div class=\"wp-block-image\">\n<figure class=\"aligncenter size-large\"><img decoding=\"async\" width=\"1080\" height=\"763\" src=\"https:\/\/www.alzd.de\/wp-content\/2022\/11\/Bildschirmfoto-vom-2022-11-29-09-51-06-1080x763.jpg\" alt=\"J.F. Schwarzlose - Rosa Centifolia\" class=\"wp-image-102539\" title=\"J.F. Schwarzlose - Rosa Centifolia\" srcset=\"https:\/\/www.alzd.de\/wp-content\/2022\/11\/Bildschirmfoto-vom-2022-11-29-09-51-06-1080x763.jpg 1080w, https:\/\/www.alzd.de\/wp-content\/2022\/11\/Bildschirmfoto-vom-2022-11-29-09-51-06-720x509.jpg 720w, https:\/\/www.alzd.de\/wp-content\/2022\/11\/Bildschirmfoto-vom-2022-11-29-09-51-06-360x254.jpg 360w, https:\/\/www.alzd.de\/wp-content\/2022\/11\/Bildschirmfoto-vom-2022-11-29-09-51-06-768x543.jpg 768w, https:\/\/www.alzd.de\/wp-content\/2022\/11\/Bildschirmfoto-vom-2022-11-29-09-51-06-1536x1085.jpg 1536w, https:\/\/www.alzd.de\/wp-content\/2022\/11\/Bildschirmfoto-vom-2022-11-29-09-51-06-495x350.jpg 495w, https:\/\/www.alzd.de\/wp-content\/2022\/11\/Bildschirmfoto-vom-2022-11-29-09-51-06.jpg 1891w\" sizes=\"(max-width: 1080px) 100vw, 1080px\" \/><\/figure>\n<\/div>\n<p>How would you describe the Rosa Centifolia fragrance?<\/p>\n\n<blockquote class=\"wp-block-quote is-layout-flow wp-block-quote-is-layout-flow\">\n<p>The fragrance is based on roses. In French, this type of rose is called Rose de Mai or Grasse Rose. The old bottles exude an intense, distinctive fragrance. Capturing that and modernizing it at the same time was difficult. But here, too, V\u00e9ronique Nyberg has found a convincing solution. All the experts we brought into contact with it at Esxence in Milan were enthusiastic. The result is different from what you would expect. Not cloying, but cool and elegant. Of an upbeat intensity that is somewhat vintage but also modern. The scent is difficult to describe.<\/p>\n<\/blockquote>\n\n<p>In the meantime, you have also launched your own fragrances and room perfumes. What was particularly important to you to ensure that these fit into the overall concept of the Schwarzlose brand?<\/p>\n\n<blockquote class=\"wp-block-quote is-layout-flow wp-block-quote-is-layout-flow\">\n<p>Schwarzlose had a large portfolio of fragrances, but also made <a href=\"https:\/\/www.ausliebezumduft.de\/raumdufte\/j-f-schwarzlose-berlin.html\" target=\"_blank\" rel=\"noreferrer noopener\">room fragrances<\/a> early on. They took this over from Treu &amp; Nuglisch, who were already producing fragrances for the &#8220;royal&#8221; chambers around 1860. So room fragrances are not a modern invention, but were already an important part of the brand back then. We also want to relaunch other traditional products from the large Schwarzlose range in the future.<\/p>\n<\/blockquote>\n\n<p>What kind of response did you get to the revival of the brand?<\/p>\n\n<blockquote class=\"wp-block-quote is-layout-flow wp-block-quote-is-layout-flow\">\n<p>Actually, Schwarzlose had a small fan base from the very beginning, from very different camps: fragrance connoisseurs, creative people, people interested in history. The perfumeries were admittedly rather critical at first. We often received information that they did not want to add another brand to the range. But a few of the trendsetters in the trade have realized what&#8217;s behind Schwarzlose and have supported us.<\/p>\n<\/blockquote>\n<div class=\"wp-block-image\">\n<figure class=\"aligncenter size-large\"><img decoding=\"async\" width=\"764\" height=\"1080\" src=\"https:\/\/www.alzd.de\/wp-content\/2022\/11\/JFS_ZimmerparfumAufsteller_Berliner-Linde-764x1080.jpg\" alt=\"J.F. Schwarzlose - Room Perfume Berliner Linde\" class=\"wp-image-102545\" title=\"J.F. Schwarzlose - Room Perfume Berliner Linde\" srcset=\"https:\/\/www.alzd.de\/wp-content\/2022\/11\/JFS_ZimmerparfumAufsteller_Berliner-Linde-764x1080.jpg 764w, https:\/\/www.alzd.de\/wp-content\/2022\/11\/JFS_ZimmerparfumAufsteller_Berliner-Linde-509x720.jpg 509w, https:\/\/www.alzd.de\/wp-content\/2022\/11\/JFS_ZimmerparfumAufsteller_Berliner-Linde-255x360.jpg 255w, https:\/\/www.alzd.de\/wp-content\/2022\/11\/JFS_ZimmerparfumAufsteller_Berliner-Linde-768x1086.jpg 768w, https:\/\/www.alzd.de\/wp-content\/2022\/11\/JFS_ZimmerparfumAufsteller_Berliner-Linde-1086x1536.jpg 1086w, https:\/\/www.alzd.de\/wp-content\/2022\/11\/JFS_ZimmerparfumAufsteller_Berliner-Linde-1448x2048.jpg 1448w, https:\/\/www.alzd.de\/wp-content\/2022\/11\/JFS_ZimmerparfumAufsteller_Berliner-Linde-247x350.jpg 247w, https:\/\/www.alzd.de\/wp-content\/2022\/11\/JFS_ZimmerparfumAufsteller_Berliner-Linde-scaled.jpg 1810w\" sizes=\"(max-width: 764px) 100vw, 764px\" \/><\/figure>\n<\/div>\n<p>Was the original Schwarzlose brand still known to many?<\/p>\n\n<blockquote class=\"wp-block-quote is-layout-flow wp-block-quote-is-layout-flow\">\n<p>There were actually a few perfumeries in the early days that still knew the brand from the 1960s. Since many perfumeries are run as family businesses, a lot of knowledge has been passed on. That was great to experience. Then the family members or descendants of Schwarzlose approached us &#8211; one after the other. Everyone was full of praise.<\/p>\n<\/blockquote>\n\n<p>How has the brand evolved in your eyes since you took it over?<\/p>\n\n<blockquote class=\"wp-block-quote is-layout-flow wp-block-quote-is-layout-flow\">\n<p>It was our goal from the beginning not to be under pressure commercially. The brand should develop in a stable and continuous manner. Without venture capital, simply by conviction. The first 8 years, Schwarzlose has developed steadily and well. Then 2 years ago we increased the team and since then the development has increased. That&#8217;s nice to experience. In the early days, it was also more of a showcase for me. To show what can be done differently in the industry. The hobby has now developed into something that can stand on its own two feet.<\/p>\n<\/blockquote>\n\n<p>How has Schwarzlose been received internationally?<\/p>\n\n<blockquote class=\"wp-block-quote is-layout-flow wp-block-quote-is-layout-flow\">\n<p>The brand is now also recognized abroad. That&#8217;s a great result, because the competition is tough. Some of the &#8220;smaller&#8221; brands did not survive 2020. Schwarzlose has actually grown in that time. Germany is still the home country and the main sales market, but abroad people are looking at what we do and are also willing to take up the brand.<\/p>\n<\/blockquote>\n\n<p>Which Schwarzlose fragrance is particularly close to your heart, and was there any kind of &#8220;problem child&#8221; in the portfolio?<\/p>\n\n<blockquote class=\"wp-block-quote is-layout-flow wp-block-quote-is-layout-flow\">\n<p>Problem child&#8230; hmm&#8230; maybe <a href=\"https:\/\/www.ausliebezumduft.de\/catalog\/product\/view\/id\/33393\/s\/j-f-schwarzlose-berlin-20-20-limited-edition\/category\/2\/\">20\/20<\/a>. After the year 2020 rather stands for Corona, and we had not thought so before. The historical name was &#8220;Chic&#8221; and we found that a bit inappropriate. That&#8217;s why we thought long and hard about what kind of name would &#8220;beam&#8221; the idea of &#8220;Chic&#8221; from the 1920s into our time. That was just 20\/20, simple and easy to understand.<\/p>\n<\/blockquote>\n<div class=\"wp-block-image\">\n<figure class=\"aligncenter size-large\" id=\"J.F.-Schwarzlose-&#x2013;-20\/20\"><img decoding=\"async\" width=\"768\" height=\"1080\" src=\"https:\/\/www.alzd.de\/wp-content\/2022\/11\/20I20_A4_Aufsteller_100ml_hoch_LowRes-768x1080.png\" alt=\"J.F. Schwarzlose - 20\/20\" class=\"wp-image-102548\" srcset=\"https:\/\/www.alzd.de\/wp-content\/2022\/11\/20I20_A4_Aufsteller_100ml_hoch_LowRes-768x1080.png 768w, https:\/\/www.alzd.de\/wp-content\/2022\/11\/20I20_A4_Aufsteller_100ml_hoch_LowRes-512x720.png 512w, https:\/\/www.alzd.de\/wp-content\/2022\/11\/20I20_A4_Aufsteller_100ml_hoch_LowRes-256x360.png 256w, https:\/\/www.alzd.de\/wp-content\/2022\/11\/20I20_A4_Aufsteller_100ml_hoch_LowRes-1092x1536.png 1092w, https:\/\/www.alzd.de\/wp-content\/2022\/11\/20I20_A4_Aufsteller_100ml_hoch_LowRes-1456x2048.png 1456w, https:\/\/www.alzd.de\/wp-content\/2022\/11\/20I20_A4_Aufsteller_100ml_hoch_LowRes-249x350.png 249w\" sizes=\"(max-width: 768px) 100vw, 768px\" \/><\/figure>\n<\/div>\n<blockquote class=\"wp-block-quote is-layout-flow wp-block-quote-is-layout-flow\">\n<p>I&#8217;m particularly interested in the latest developments, but my personal favourite is <a href=\"https:\/\/www.ausliebezumduft.de\/j-f-schwarzlose-berlin-treffpunkt-8-uhr.html\" target=\"_blank\" rel=\"noreferrer noopener\">Treffpunkt 8 Uhr.<\/a> It has something very fresh and at the same time animalistic. Very ambivalent and it changes with its own body heat, sometimes in one direction or another. And of course I am in love with Rosa Centifolia. I use the first samples daily and get so some reactions in everyday life. This is always my personal test. And the reactions are consistently positive! What fragrance are you wearing? It&#8217;s great &#8230; Then I can always answer that the perfume is homemade, and it is not yet or only recently available. Meanwhile, such reactions often came to Rosa Centifolia. That puts me in a positive mood.<\/p>\n<\/blockquote>\n\n<p>What can we expect from Schwarzlose in the future?<\/p>\n\n<blockquote class=\"wp-block-quote is-layout-flow wp-block-quote-is-layout-flow\">\n<p>Our goal is to continue to work on quality and fragrances. However, we also want to pursue innovations in the broader area of scent again &#8211; similar to the early days. From the very beginning, it has been our conviction to make production sustainable. In 2012, this was not a general focus in the perfumery sector. Back then, it was still state of the art: more is more. But as a designer, I was always aware that you also produce waste. With Schwarzlose, I could decide for myself how much and what. We have minimized this issue from the beginning and are working to optimize it further. We also want to move into new categories, whether it&#8217;s just personal care or other application forms of fragrance. There are a lot of projects, but none of them are ready to go yet.<\/p>\n<\/blockquote>\n\n<p>Dear Lutz, thank you very much for taking the time to answer my questions.<\/p>\n\n<div class=\"wp-block-buttons is-content-justification-center is-layout-flex wp-container-core-buttons-is-layout-16018d1d wp-block-buttons-is-layout-flex\">\n<div class=\"wp-block-button has-custom-width wp-block-button__width-50\"><a class=\"wp-block-button__link has-white-color has-text-color has-background wp-element-button\" href=\"https:\/\/www.ausliebezumduft.de\/duefte\/j-f-schwarzlose-berlin.html\" style=\"background-color:#8c6a42\" target=\"_blank\" rel=\"noreferrer noopener\"><strong>J.F. Schwarzlose<\/strong><\/a><\/div>\n<\/div>\n","protected":false},"excerpt":{"rendered":"<p>Continuing today with the second and last part of my interview with Lutz Herrmann of J.F. Schwarzlose. I like to link you here again the first part, for&#8230;<\/p>\n<div class=\"more-link-wrapper\"><a class=\"more-link\" href=\"https:\/\/www.alzd.de\/en\/2022\/11\/29\/in-the-interview-j-f-schwarzloses-founder-lutz-herrmann-part-ii\/\">WEITERLESEN<span class=\"screen-reader-text\">In the interview: J.F. Schwarzlose&#8217;s founder Lutz Herrmann &#8211; Part II<\/span><\/a><\/div>\n","protected":false},"author":535,"featured_media":102555,"comment_status":"open","ping_status":"closed","sticky":false,"template":"","format":"standard","meta":{"footnotes":""},"categories":[1119,1137,1166],"tags":[1532,1539],"class_list":["post-102560","post","type-post","status-publish","format-standard","has-post-thumbnail","hentry","category-general","category-interview-en","category-useful-information","tag-interviews-en","tag-j-f-schwarzlose-en","excerpt","zoom","full-without-featured","even","excerpt-0"],"yoast_head":"<!-- This site is optimized with the Yoast SEO plugin v27.5 - https:\/\/yoast.com\/product\/yoast-seo-wordpress\/ -->\n<title>In the interview: J.F. Schwarzlose&#039;s founder Lutz Herrmann - Part II<\/title>\n<meta name=\"description\" content=\"Continuing today with the second and last part of my interview with Lutz Herrmann of J.F. Schwarzlose. I will be happy to link you ...\" \/>\n<meta name=\"robots\" content=\"index, follow, max-snippet:-1, max-image-preview:large, max-video-preview:-1\" \/>\n<link rel=\"canonical\" href=\"https:\/\/www.alzd.de\/en\/2022\/11\/29\/in-the-interview-j-f-schwarzloses-founder-lutz-herrmann-part-ii\/\" \/>\n<meta property=\"og:locale\" content=\"en_US\" \/>\n<meta property=\"og:type\" content=\"article\" \/>\n<meta property=\"og:title\" content=\"In the interview: J.F. Schwarzlose&#039;s founder Lutz Herrmann - Part II\" \/>\n<meta property=\"og:url\" content=\"https:\/\/www.alzd.de\/en\/2022\/11\/29\/in-the-interview-j-f-schwarzloses-founder-lutz-herrmann-part-ii\/\" \/>\n<meta property=\"og:site_name\" content=\"Das Duft-Tagebuch\" \/>\n<meta property=\"article:publisher\" content=\"https:\/\/www.facebook.com\/dufttagebuch\/\" \/>\n<meta property=\"article:author\" content=\"https:\/\/www.facebook.com\/stephanie.tkaczik\" \/>\n<meta property=\"article:published_time\" content=\"2022-11-29T06:30:00+00:00\" \/>\n<meta property=\"article:modified_time\" content=\"2022-11-29T09:56:50+00:00\" \/>\n<meta property=\"og:image\" content=\"https:\/\/www.alzd.de\/wp-content\/2022\/11\/bb_JFS_ZGL6_gross\u00a9JuergenHerschelmann2018.jpg\" \/>\n\t<meta property=\"og:image:width\" content=\"720\" \/>\n\t<meta property=\"og:image:height\" content=\"400\" \/>\n\t<meta property=\"og:image:type\" content=\"image\/jpeg\" \/>\n<meta name=\"author\" content=\"Julia Bir\u00f3\" \/>\n<meta name=\"twitter:card\" content=\"summary_large_image\" \/>\n<meta name=\"twitter:creator\" content=\"@ausliebezumduft\" \/>\n<meta name=\"twitter:site\" content=\"@ausliebezumduft\" \/>\n<script type=\"application\/ld+json\" class=\"yoast-schema-graph\">{\"@context\":\"https:\\\/\\\/schema.org\",\"@graph\":[{\"@type\":\"Article\",\"@id\":\"https:\\\/\\\/www.alzd.de\\\/en\\\/2022\\\/11\\\/29\\\/in-the-interview-j-f-schwarzloses-founder-lutz-herrmann-part-ii\\\/#article\",\"isPartOf\":{\"@id\":\"https:\\\/\\\/www.alzd.de\\\/en\\\/2022\\\/11\\\/29\\\/in-the-interview-j-f-schwarzloses-founder-lutz-herrmann-part-ii\\\/\"},\"author\":{\"name\":\"Julia Bir\u00f3\",\"@id\":\"https:\\\/\\\/www.alzd.de\\\/en\\\/#\\\/schema\\\/person\\\/8efcd8f02447fdbe8f29ad465897d04e\"},\"headline\":\"In the interview: J.F. Schwarzlose&#8217;s founder Lutz Herrmann &#8211; Part II\",\"datePublished\":\"2022-11-29T06:30:00+00:00\",\"dateModified\":\"2022-11-29T09:56:50+00:00\",\"mainEntityOfPage\":{\"@id\":\"https:\\\/\\\/www.alzd.de\\\/en\\\/2022\\\/11\\\/29\\\/in-the-interview-j-f-schwarzloses-founder-lutz-herrmann-part-ii\\\/\"},\"wordCount\":1326,\"commentCount\":0,\"publisher\":{\"@id\":\"https:\\\/\\\/www.alzd.de\\\/en\\\/#organization\"},\"image\":{\"@id\":\"https:\\\/\\\/www.alzd.de\\\/en\\\/2022\\\/11\\\/29\\\/in-the-interview-j-f-schwarzloses-founder-lutz-herrmann-part-ii\\\/#primaryimage\"},\"thumbnailUrl\":\"https:\\\/\\\/www.alzd.de\\\/wp-content\\\/2022\\\/11\\\/bb_JFS_ZGL6_gross\u00a9JuergenHerschelmann2018.jpg\",\"keywords\":[\"Interviews\",\"J.F. Schwarzlose\"],\"articleSection\":[\"General\",\"Interview\",\"Useful Information\"],\"inLanguage\":\"en-US\",\"potentialAction\":[{\"@type\":\"CommentAction\",\"name\":\"Comment\",\"target\":[\"https:\\\/\\\/www.alzd.de\\\/en\\\/2022\\\/11\\\/29\\\/in-the-interview-j-f-schwarzloses-founder-lutz-herrmann-part-ii\\\/#respond\"]}]},{\"@type\":\"WebPage\",\"@id\":\"https:\\\/\\\/www.alzd.de\\\/en\\\/2022\\\/11\\\/29\\\/in-the-interview-j-f-schwarzloses-founder-lutz-herrmann-part-ii\\\/\",\"url\":\"https:\\\/\\\/www.alzd.de\\\/en\\\/2022\\\/11\\\/29\\\/in-the-interview-j-f-schwarzloses-founder-lutz-herrmann-part-ii\\\/\",\"name\":\"In the interview: J.F. Schwarzlose's founder Lutz Herrmann - Part II\",\"isPartOf\":{\"@id\":\"https:\\\/\\\/www.alzd.de\\\/en\\\/#website\"},\"primaryImageOfPage\":{\"@id\":\"https:\\\/\\\/www.alzd.de\\\/en\\\/2022\\\/11\\\/29\\\/in-the-interview-j-f-schwarzloses-founder-lutz-herrmann-part-ii\\\/#primaryimage\"},\"image\":{\"@id\":\"https:\\\/\\\/www.alzd.de\\\/en\\\/2022\\\/11\\\/29\\\/in-the-interview-j-f-schwarzloses-founder-lutz-herrmann-part-ii\\\/#primaryimage\"},\"thumbnailUrl\":\"https:\\\/\\\/www.alzd.de\\\/wp-content\\\/2022\\\/11\\\/bb_JFS_ZGL6_gross\u00a9JuergenHerschelmann2018.jpg\",\"datePublished\":\"2022-11-29T06:30:00+00:00\",\"dateModified\":\"2022-11-29T09:56:50+00:00\",\"description\":\"Continuing today with the second and last part of my interview with Lutz Herrmann of J.F. Schwarzlose. I will be happy to link you ...\",\"breadcrumb\":{\"@id\":\"https:\\\/\\\/www.alzd.de\\\/en\\\/2022\\\/11\\\/29\\\/in-the-interview-j-f-schwarzloses-founder-lutz-herrmann-part-ii\\\/#breadcrumb\"},\"inLanguage\":\"en-US\",\"potentialAction\":[{\"@type\":\"ReadAction\",\"target\":[\"https:\\\/\\\/www.alzd.de\\\/en\\\/2022\\\/11\\\/29\\\/in-the-interview-j-f-schwarzloses-founder-lutz-herrmann-part-ii\\\/\"]}]},{\"@type\":\"ImageObject\",\"inLanguage\":\"en-US\",\"@id\":\"https:\\\/\\\/www.alzd.de\\\/en\\\/2022\\\/11\\\/29\\\/in-the-interview-j-f-schwarzloses-founder-lutz-herrmann-part-ii\\\/#primaryimage\",\"url\":\"https:\\\/\\\/www.alzd.de\\\/wp-content\\\/2022\\\/11\\\/bb_JFS_ZGL6_gross\u00a9JuergenHerschelmann2018.jpg\",\"contentUrl\":\"https:\\\/\\\/www.alzd.de\\\/wp-content\\\/2022\\\/11\\\/bb_JFS_ZGL6_gross\u00a9JuergenHerschelmann2018.jpg\",\"width\":720,\"height\":400},{\"@type\":\"BreadcrumbList\",\"@id\":\"https:\\\/\\\/www.alzd.de\\\/en\\\/2022\\\/11\\\/29\\\/in-the-interview-j-f-schwarzloses-founder-lutz-herrmann-part-ii\\\/#breadcrumb\",\"itemListElement\":[{\"@type\":\"ListItem\",\"position\":1,\"name\":\"Startseite\",\"item\":\"https:\\\/\\\/www.alzd.de\\\/en\\\/\"},{\"@type\":\"ListItem\",\"position\":2,\"name\":\"In the interview: J.F. Schwarzlose&#8217;s founder Lutz Herrmann &#8211; Part II\"}]},{\"@type\":\"WebSite\",\"@id\":\"https:\\\/\\\/www.alzd.de\\\/en\\\/#website\",\"url\":\"https:\\\/\\\/www.alzd.de\\\/en\\\/\",\"name\":\"Das Duft-Tagebuch\",\"description\":\"Das Parfumblog von Aus Liebe zum Duft\",\"publisher\":{\"@id\":\"https:\\\/\\\/www.alzd.de\\\/en\\\/#organization\"},\"potentialAction\":[{\"@type\":\"SearchAction\",\"target\":{\"@type\":\"EntryPoint\",\"urlTemplate\":\"https:\\\/\\\/www.alzd.de\\\/en\\\/?s={search_term_string}\"},\"query-input\":{\"@type\":\"PropertyValueSpecification\",\"valueRequired\":true,\"valueName\":\"search_term_string\"}}],\"inLanguage\":\"en-US\"},{\"@type\":\"Organization\",\"@id\":\"https:\\\/\\\/www.alzd.de\\\/en\\\/#organization\",\"name\":\"Das Duft-Tagebuch\",\"url\":\"https:\\\/\\\/www.alzd.de\\\/en\\\/\",\"logo\":{\"@type\":\"ImageObject\",\"inLanguage\":\"en-US\",\"@id\":\"https:\\\/\\\/www.alzd.de\\\/en\\\/#\\\/schema\\\/logo\\\/image\\\/\",\"url\":\"https:\\\/\\\/www.alzd.de\\\/wp-content\\\/2023\\\/08\\\/alzd_dufttagebuch.png\",\"contentUrl\":\"https:\\\/\\\/www.alzd.de\\\/wp-content\\\/2023\\\/08\\\/alzd_dufttagebuch.png\",\"width\":1804,\"height\":416,\"caption\":\"Das Duft-Tagebuch\"},\"image\":{\"@id\":\"https:\\\/\\\/www.alzd.de\\\/en\\\/#\\\/schema\\\/logo\\\/image\\\/\"},\"sameAs\":[\"https:\\\/\\\/www.facebook.com\\\/dufttagebuch\\\/\",\"https:\\\/\\\/x.com\\\/ausliebezumduft\",\"https:\\\/\\\/www.instagram.com\\\/ausliebezumduft.de\\\/\",\"https:\\\/\\\/www.youtube.com\\\/c\\\/ausliebezumduft\"]},{\"@type\":\"Person\",\"@id\":\"https:\\\/\\\/www.alzd.de\\\/en\\\/#\\\/schema\\\/person\\\/8efcd8f02447fdbe8f29ad465897d04e\",\"name\":\"Julia Bir\u00f3\",\"image\":{\"@type\":\"ImageObject\",\"inLanguage\":\"en-US\",\"@id\":\"https:\\\/\\\/www.alzd.de\\\/wp-content\\\/2018\\\/02\\\/cropped-cropped-mitarbeiterbilder_steffi--96x96.jpg\",\"url\":\"https:\\\/\\\/www.alzd.de\\\/wp-content\\\/2018\\\/02\\\/cropped-cropped-mitarbeiterbilder_steffi--96x96.jpg\",\"contentUrl\":\"https:\\\/\\\/www.alzd.de\\\/wp-content\\\/2018\\\/02\\\/cropped-cropped-mitarbeiterbilder_steffi--96x96.jpg\",\"caption\":\"Julia Bir\u00f3\"},\"description\":\"Bereits 2010 gingen so einige Blogbeitr\u00e4ge auf mein Konto. Dann war ich \u201ekurz\u201c weg \u2013 sechs Jahre. Umso mehr freut es mich, dass ich nun wieder die Chance bekomme, mein N\u00e4schen im Dienste der Duftrezension schnuppern zu lassen und eifrig in die Tasten zu hauen. Was Nischend\u00fcfte angeht, habe ich damals \u00fcbrigens schnell Feuer gefangen. Meine Ausbildung tat dazu ihr \u00dcbriges: Als diplomierte Biologin kenne ich mich nicht nur mit Fauna und Flora, sondern auch recht gut mit der Herstellung von \u00d6len und Extrakten aus, was den Reiz der Parfumwelt nat\u00fcrlich noch gr\u00f6\u00dfer macht.\",\"sameAs\":[\"https:\\\/\\\/biro.is\\\/\",\"https:\\\/\\\/www.facebook.com\\\/stephanie.tkaczik\"],\"url\":\"https:\\\/\\\/www.alzd.de\\\/en\\\/author\\\/stephanie\\\/\"}]}<\/script>\n<!-- \/ Yoast SEO plugin. -->","yoast_head_json":{"title":"In the interview: J.F. Schwarzlose's founder Lutz Herrmann - Part II","description":"Continuing today with the second and last part of my interview with Lutz Herrmann of J.F. Schwarzlose. I will be happy to link you ...","robots":{"index":"index","follow":"follow","max-snippet":"max-snippet:-1","max-image-preview":"max-image-preview:large","max-video-preview":"max-video-preview:-1"},"canonical":"https:\/\/www.alzd.de\/en\/2022\/11\/29\/in-the-interview-j-f-schwarzloses-founder-lutz-herrmann-part-ii\/","og_locale":"en_US","og_type":"article","og_title":"In the interview: J.F. Schwarzlose's founder Lutz Herrmann - Part II","og_url":"https:\/\/www.alzd.de\/en\/2022\/11\/29\/in-the-interview-j-f-schwarzloses-founder-lutz-herrmann-part-ii\/","og_site_name":"Das Duft-Tagebuch","article_publisher":"https:\/\/www.facebook.com\/dufttagebuch\/","article_author":"https:\/\/www.facebook.com\/stephanie.tkaczik","article_published_time":"2022-11-29T06:30:00+00:00","article_modified_time":"2022-11-29T09:56:50+00:00","og_image":[{"width":720,"height":400,"url":"https:\/\/www.alzd.de\/wp-content\/2022\/11\/bb_JFS_ZGL6_gross\u00a9JuergenHerschelmann2018.jpg","type":"image\/jpeg"}],"author":"Julia Bir\u00f3","twitter_card":"summary_large_image","twitter_creator":"@ausliebezumduft","twitter_site":"@ausliebezumduft","schema":{"@context":"https:\/\/schema.org","@graph":[{"@type":"Article","@id":"https:\/\/www.alzd.de\/en\/2022\/11\/29\/in-the-interview-j-f-schwarzloses-founder-lutz-herrmann-part-ii\/#article","isPartOf":{"@id":"https:\/\/www.alzd.de\/en\/2022\/11\/29\/in-the-interview-j-f-schwarzloses-founder-lutz-herrmann-part-ii\/"},"author":{"name":"Julia Bir\u00f3","@id":"https:\/\/www.alzd.de\/en\/#\/schema\/person\/8efcd8f02447fdbe8f29ad465897d04e"},"headline":"In the interview: J.F. Schwarzlose&#8217;s founder Lutz Herrmann &#8211; Part II","datePublished":"2022-11-29T06:30:00+00:00","dateModified":"2022-11-29T09:56:50+00:00","mainEntityOfPage":{"@id":"https:\/\/www.alzd.de\/en\/2022\/11\/29\/in-the-interview-j-f-schwarzloses-founder-lutz-herrmann-part-ii\/"},"wordCount":1326,"commentCount":0,"publisher":{"@id":"https:\/\/www.alzd.de\/en\/#organization"},"image":{"@id":"https:\/\/www.alzd.de\/en\/2022\/11\/29\/in-the-interview-j-f-schwarzloses-founder-lutz-herrmann-part-ii\/#primaryimage"},"thumbnailUrl":"https:\/\/www.alzd.de\/wp-content\/2022\/11\/bb_JFS_ZGL6_gross\u00a9JuergenHerschelmann2018.jpg","keywords":["Interviews","J.F. Schwarzlose"],"articleSection":["General","Interview","Useful Information"],"inLanguage":"en-US","potentialAction":[{"@type":"CommentAction","name":"Comment","target":["https:\/\/www.alzd.de\/en\/2022\/11\/29\/in-the-interview-j-f-schwarzloses-founder-lutz-herrmann-part-ii\/#respond"]}]},{"@type":"WebPage","@id":"https:\/\/www.alzd.de\/en\/2022\/11\/29\/in-the-interview-j-f-schwarzloses-founder-lutz-herrmann-part-ii\/","url":"https:\/\/www.alzd.de\/en\/2022\/11\/29\/in-the-interview-j-f-schwarzloses-founder-lutz-herrmann-part-ii\/","name":"In the interview: J.F. Schwarzlose's founder Lutz Herrmann - Part II","isPartOf":{"@id":"https:\/\/www.alzd.de\/en\/#website"},"primaryImageOfPage":{"@id":"https:\/\/www.alzd.de\/en\/2022\/11\/29\/in-the-interview-j-f-schwarzloses-founder-lutz-herrmann-part-ii\/#primaryimage"},"image":{"@id":"https:\/\/www.alzd.de\/en\/2022\/11\/29\/in-the-interview-j-f-schwarzloses-founder-lutz-herrmann-part-ii\/#primaryimage"},"thumbnailUrl":"https:\/\/www.alzd.de\/wp-content\/2022\/11\/bb_JFS_ZGL6_gross\u00a9JuergenHerschelmann2018.jpg","datePublished":"2022-11-29T06:30:00+00:00","dateModified":"2022-11-29T09:56:50+00:00","description":"Continuing today with the second and last part of my interview with Lutz Herrmann of J.F. Schwarzlose. I will be happy to link you ...","breadcrumb":{"@id":"https:\/\/www.alzd.de\/en\/2022\/11\/29\/in-the-interview-j-f-schwarzloses-founder-lutz-herrmann-part-ii\/#breadcrumb"},"inLanguage":"en-US","potentialAction":[{"@type":"ReadAction","target":["https:\/\/www.alzd.de\/en\/2022\/11\/29\/in-the-interview-j-f-schwarzloses-founder-lutz-herrmann-part-ii\/"]}]},{"@type":"ImageObject","inLanguage":"en-US","@id":"https:\/\/www.alzd.de\/en\/2022\/11\/29\/in-the-interview-j-f-schwarzloses-founder-lutz-herrmann-part-ii\/#primaryimage","url":"https:\/\/www.alzd.de\/wp-content\/2022\/11\/bb_JFS_ZGL6_gross\u00a9JuergenHerschelmann2018.jpg","contentUrl":"https:\/\/www.alzd.de\/wp-content\/2022\/11\/bb_JFS_ZGL6_gross\u00a9JuergenHerschelmann2018.jpg","width":720,"height":400},{"@type":"BreadcrumbList","@id":"https:\/\/www.alzd.de\/en\/2022\/11\/29\/in-the-interview-j-f-schwarzloses-founder-lutz-herrmann-part-ii\/#breadcrumb","itemListElement":[{"@type":"ListItem","position":1,"name":"Startseite","item":"https:\/\/www.alzd.de\/en\/"},{"@type":"ListItem","position":2,"name":"In the interview: J.F. Schwarzlose&#8217;s founder Lutz Herrmann &#8211; Part II"}]},{"@type":"WebSite","@id":"https:\/\/www.alzd.de\/en\/#website","url":"https:\/\/www.alzd.de\/en\/","name":"Das Duft-Tagebuch","description":"Das Parfumblog von Aus Liebe zum Duft","publisher":{"@id":"https:\/\/www.alzd.de\/en\/#organization"},"potentialAction":[{"@type":"SearchAction","target":{"@type":"EntryPoint","urlTemplate":"https:\/\/www.alzd.de\/en\/?s={search_term_string}"},"query-input":{"@type":"PropertyValueSpecification","valueRequired":true,"valueName":"search_term_string"}}],"inLanguage":"en-US"},{"@type":"Organization","@id":"https:\/\/www.alzd.de\/en\/#organization","name":"Das Duft-Tagebuch","url":"https:\/\/www.alzd.de\/en\/","logo":{"@type":"ImageObject","inLanguage":"en-US","@id":"https:\/\/www.alzd.de\/en\/#\/schema\/logo\/image\/","url":"https:\/\/www.alzd.de\/wp-content\/2023\/08\/alzd_dufttagebuch.png","contentUrl":"https:\/\/www.alzd.de\/wp-content\/2023\/08\/alzd_dufttagebuch.png","width":1804,"height":416,"caption":"Das Duft-Tagebuch"},"image":{"@id":"https:\/\/www.alzd.de\/en\/#\/schema\/logo\/image\/"},"sameAs":["https:\/\/www.facebook.com\/dufttagebuch\/","https:\/\/x.com\/ausliebezumduft","https:\/\/www.instagram.com\/ausliebezumduft.de\/","https:\/\/www.youtube.com\/c\/ausliebezumduft"]},{"@type":"Person","@id":"https:\/\/www.alzd.de\/en\/#\/schema\/person\/8efcd8f02447fdbe8f29ad465897d04e","name":"Julia Bir\u00f3","image":{"@type":"ImageObject","inLanguage":"en-US","@id":"https:\/\/www.alzd.de\/wp-content\/2018\/02\/cropped-cropped-mitarbeiterbilder_steffi--96x96.jpg","url":"https:\/\/www.alzd.de\/wp-content\/2018\/02\/cropped-cropped-mitarbeiterbilder_steffi--96x96.jpg","contentUrl":"https:\/\/www.alzd.de\/wp-content\/2018\/02\/cropped-cropped-mitarbeiterbilder_steffi--96x96.jpg","caption":"Julia Bir\u00f3"},"description":"Bereits 2010 gingen so einige Blogbeitr\u00e4ge auf mein Konto. Dann war ich \u201ekurz\u201c weg \u2013 sechs Jahre. Umso mehr freut es mich, dass ich nun wieder die Chance bekomme, mein N\u00e4schen im Dienste der Duftrezension schnuppern zu lassen und eifrig in die Tasten zu hauen. Was Nischend\u00fcfte angeht, habe ich damals \u00fcbrigens schnell Feuer gefangen. Meine Ausbildung tat dazu ihr \u00dcbriges: Als diplomierte Biologin kenne ich mich nicht nur mit Fauna und Flora, sondern auch recht gut mit der Herstellung von \u00d6len und Extrakten aus, was den Reiz der Parfumwelt nat\u00fcrlich noch gr\u00f6\u00dfer macht.","sameAs":["https:\/\/biro.is\/","https:\/\/www.facebook.com\/stephanie.tkaczik"],"url":"https:\/\/www.alzd.de\/en\/author\/stephanie\/"}]}},"wp-worthy-pixel":{"ignored":false,"public":null,"server":null,"url":null},"wp-worthy-type":"normal","_links":{"self":[{"href":"https:\/\/www.alzd.de\/en\/wp-json\/wp\/v2\/posts\/102560","targetHints":{"allow":["GET"]}}],"collection":[{"href":"https:\/\/www.alzd.de\/en\/wp-json\/wp\/v2\/posts"}],"about":[{"href":"https:\/\/www.alzd.de\/en\/wp-json\/wp\/v2\/types\/post"}],"author":[{"embeddable":true,"href":"https:\/\/www.alzd.de\/en\/wp-json\/wp\/v2\/users\/535"}],"replies":[{"embeddable":true,"href":"https:\/\/www.alzd.de\/en\/wp-json\/wp\/v2\/comments?post=102560"}],"version-history":[{"count":3,"href":"https:\/\/www.alzd.de\/en\/wp-json\/wp\/v2\/posts\/102560\/revisions"}],"predecessor-version":[{"id":102563,"href":"https:\/\/www.alzd.de\/en\/wp-json\/wp\/v2\/posts\/102560\/revisions\/102563"}],"wp:featuredmedia":[{"embeddable":true,"href":"https:\/\/www.alzd.de\/en\/wp-json\/wp\/v2\/media\/102555"}],"wp:attachment":[{"href":"https:\/\/www.alzd.de\/en\/wp-json\/wp\/v2\/media?parent=102560"}],"wp:term":[{"taxonomy":"category","embeddable":true,"href":"https:\/\/www.alzd.de\/en\/wp-json\/wp\/v2\/categories?post=102560"},{"taxonomy":"post_tag","embeddable":true,"href":"https:\/\/www.alzd.de\/en\/wp-json\/wp\/v2\/tags?post=102560"}],"curies":[{"name":"wp","href":"https:\/\/api.w.org\/{rel}","templated":true}]}}