{"id":101788,"date":"2022-11-01T07:30:00","date_gmt":"2022-11-01T06:30:00","guid":{"rendered":"https:\/\/www.alzd.de\/2022\/11\/01\/spring-in-bome-and-summer-in-paro-by-hima-jomo-tibet-and-bhutan\/"},"modified":"2022-11-03T14:49:41","modified_gmt":"2022-11-03T13:49:41","slug":"spring-in-bome-and-summer-in-paro-by-hima-jomo-tibet-and-bhutan","status":"publish","type":"post","link":"https:\/\/www.alzd.de\/en\/2022\/11\/01\/spring-in-bome-and-summer-in-paro-by-hima-jomo-tibet-and-bhutan\/","title":{"rendered":"Spring in Bome and Summer in Paro by hima jomo &#8211; Tibet and Bhutan"},"content":{"rendered":"\n<p>Today we dedicate ourselves to <a href=\"https:\/\/www.ausliebezumduft.de\/hima-jomo-spring-in-bome.html\" target=\"_blank\" rel=\"noreferrer noopener\">Spring in Bome<\/a> and <a href=\"https:\/\/www.ausliebezumduft.de\/hima-jomo-summer-in-paro.html\" target=\"_blank\" rel=\"noreferrer noopener\">Summer in Paro<\/a> by <a href=\"https:\/\/www.ausliebezumduft.de\/fragrances\/hima-jomo.html\" target=\"_blank\" rel=\"noreferrer noopener\">hima jomo<\/a>, after I have already presented the two creations <a href=\"https:\/\/www.ausliebezumduft.de\/hima-jomo-autumn-in-lhoka.html\" target=\"_blank\" rel=\"noreferrer noopener\">Autumn in Lhoka<\/a> and <a href=\"https:\/\/www.ausliebezumduft.de\/hima-jomo-winter-in-manaslu.html\" target=\"_blank\" rel=\"noreferrer noopener\">Winter in Manaslu<\/a> to you on Sunday. <a href=\"https:\/\/www.alzd.de\/en\/2022\/10\/30\/hima-jomos-collection-the-uniqueness-of-the-himalayas\/\" target=\"_blank\" rel=\"noreferrer noopener\">Here<\/a> you can read my fragrance review. The Tibetan highlands and one of the highest peaks of this world in Nepal were the destination of our last fragrance trip with the young French niche fragrance label with a penchant for Asian high mountains. I&#8217;m curious to see where it takes us today.<\/p>\n\n\n<div class=\"wp-block-image\">\n<figure class=\"aligncenter size-large\"><img decoding=\"async\" width=\"861\" height=\"1080\" src=\"https:\/\/www.alzd.de\/wp-content\/2022\/11\/Bildschirmfoto-vom-2022-11-01-11-38-15-861x1080.jpg\" alt=\"hima jomo - Spring in Bome\" class=\"wp-image-101747\" title=\"hima jomo - Spring in Bome\" srcset=\"https:\/\/www.alzd.de\/wp-content\/2022\/11\/Bildschirmfoto-vom-2022-11-01-11-38-15-861x1080.jpg 861w, https:\/\/www.alzd.de\/wp-content\/2022\/11\/Bildschirmfoto-vom-2022-11-01-11-38-15-574x720.jpg 574w, https:\/\/www.alzd.de\/wp-content\/2022\/11\/Bildschirmfoto-vom-2022-11-01-11-38-15-287x360.jpg 287w, https:\/\/www.alzd.de\/wp-content\/2022\/11\/Bildschirmfoto-vom-2022-11-01-11-38-15-768x963.jpg 768w, https:\/\/www.alzd.de\/wp-content\/2022\/11\/Bildschirmfoto-vom-2022-11-01-11-38-15-279x350.jpg 279w, https:\/\/www.alzd.de\/wp-content\/2022\/11\/Bildschirmfoto-vom-2022-11-01-11-38-15.jpg 965w\" sizes=\"(max-width: 861px) 100vw, 861px\" \/><figcaption class=\"wp-element-caption\">Spring in Bome from <a href=\"https:\/\/www.instagram.com\/p\/Ce6dyvcLUpR\/\" target=\"_blank\" rel=\"noreferrer noopener\">Instagram<\/a><\/figcaption><\/figure>\n<\/div>\n\n\n<h2 class=\"wp-block-heading\">Spring in Bome &#8211; 29\u00b054&#8217;45.9 &#8220;N 95\u00b037&#8217;40.7 &#8220;E<\/h2>\n\n\n\n<p>There is still a little time before spring. At least in terms of the calendar, autumn has us fully in its grip, even if the temperatures don&#8217;t seem at all like November at the moment. Today it is a little below 20 \u00b0C at the Baltic Sea and the sun is shining. So the golden October goes seamlessly into the golden November, which I have nothing against at first glance. Sunshine is always better than dreary foggy gray.<\/p>\n\n\n\n<blockquote class=\"wp-block-quote is-layout-flow wp-block-quote-is-layout-flow\">\n<p>In southeastern Tibet, hidden in a lush, mysterious valley, the town of Bome offers a breathtaking display of grace and beauty as spring approaches. Between March and April, when fresh grass and emerald moss gradually emerge from the snow and harsh winter, a forest of wild, centuries-old peach trees is covered with delicate, otherworldly pink blossoms.<\/p>\n<\/blockquote>\n\n\n<div class=\"wp-block-image\">\n<figure class=\"aligncenter size-large\"><img decoding=\"async\" width=\"866\" height=\"1080\" src=\"https:\/\/www.alzd.de\/wp-content\/2022\/11\/SpringinBome-866x1080.jpg\" alt=\"hima jomo - Spring in Bome\" class=\"wp-image-101752\" title=\"hima jomo - Spring in Bome\" srcset=\"https:\/\/www.alzd.de\/wp-content\/2022\/11\/SpringinBome-866x1080.jpg 866w, https:\/\/www.alzd.de\/wp-content\/2022\/11\/SpringinBome-577x720.jpg 577w, https:\/\/www.alzd.de\/wp-content\/2022\/11\/SpringinBome-289x360.jpg 289w, https:\/\/www.alzd.de\/wp-content\/2022\/11\/SpringinBome-768x958.jpg 768w, https:\/\/www.alzd.de\/wp-content\/2022\/11\/SpringinBome-281x350.jpg 281w, https:\/\/www.alzd.de\/wp-content\/2022\/11\/SpringinBome.jpg 968w\" sizes=\"(max-width: 866px) 100vw, 866px\" \/><figcaption class=\"wp-element-caption\">Spring in Bome from <a href=\"https:\/\/www.instagram.com\/p\/Ce6dyvcLUpR\/\" target=\"_blank\" rel=\"noreferrer noopener\">Instagram<\/a><\/figcaption><\/figure>\n<\/div>\n\n\n<p>Peach blossoms, that literally calls for osmanthus or what do you think? But Delphine Thierry used other ingredients for Spring in Bome, namely <strong>galbanum, tarragon, mastic, floral notes, peach blossom, geranium, iris, tuberose, vetiver, papyrus, moss<\/strong> and <strong>Indian nard (jatamansi)<\/strong>.<\/p>\n\n\n\n<h3 class=\"wp-block-heading\">Tibetan green<\/h3>\n\n\n\n<p>Dry and creaky green opens Spring in Bome. The top notes, and galbanum in particular, show themselves to be exceedingly bountiful, lending beautiful, light and softly woody nuances to the opening. Not a leafy autumn forest, as we can currently admire, with musty earthy notes. No, the forest in Spring in Bome is spring-like and green. <\/p>\n\n\n\n<p>Delicate leaves sprout from branches and twigs. On the ground you can see young foliage sprouting everywhere. Iris brings a touch of creaminess to the game, while tuberose adds its typical floral facets to the green notes and emphasizes them. Woody, creamy, sweetly floral, and continuing to be bathed in the colours of hope, the hima jomo eau de parfum is as it progresses until it finally fades out very gradually.<\/p>\n\n\n<div class=\"wp-block-image\">\n<figure class=\"aligncenter size-full\"><img decoding=\"async\" width=\"600\" height=\"600\" src=\"https:\/\/www.alzd.de\/wp-content\/2022\/11\/spring-in-bome.jpg\" alt=\"hima jomo - Spring in Bome\" class=\"wp-image-101755\" title=\"hima jomo - Spring in Bome\" srcset=\"https:\/\/www.alzd.de\/wp-content\/2022\/11\/spring-in-bome.jpg 600w, https:\/\/www.alzd.de\/wp-content\/2022\/11\/spring-in-bome-360x360.jpg 360w, https:\/\/www.alzd.de\/wp-content\/2022\/11\/spring-in-bome-350x350.jpg 350w\" sizes=\"(max-width: 600px) 100vw, 600px\" \/><\/figure>\n<\/div>\n\n\n<p>Spring in Bome is truly a spring scent, although I personally would have expected more peach involvement. Instead, the creation of hima jomo reveals beautiful and Asian-contemplative green nuances that are light, transparent and rather cool, reminiscent of a fresh breeze through rich leafy green. Friends of green fragrances should definitely remember this eau de parfum. Provided with a medium presence and good durability, Spring in Bome is suitable as a pleasant and uncomplicated fragrance companion to any occasion in the warmer season. \ud83d\ude42<\/p>\n\n\n\n<div class=\"wp-block-buttons is-content-justification-center is-layout-flex wp-container-core-buttons-is-layout-16018d1d wp-block-buttons-is-layout-flex\">\n<div class=\"wp-block-button has-custom-width wp-block-button__width-50\"><a class=\"wp-block-button__link has-white-color has-text-color has-background wp-element-button\" href=\"https:\/\/www.ausliebezumduft.de\/hima-jomo-spring-in-bome.html\" style=\"background-color:#773b1f\" target=\"_blank\" rel=\"noreferrer noopener\"><strong>Spring in Bome<\/strong><\/a><\/div>\n<\/div>\n\n\n\n<div style=\"height:100px\" aria-hidden=\"true\" class=\"wp-block-spacer\"><\/div>\n\n\n\n<h2 class=\"wp-block-heading\">Summer in Paro &#8211; 27\u00b029&#8217;33.0 &#8220;N 89\u00b021&#8217;43.8 &#8220;E<\/h2>\n\n\n\n<p>We have been to Tibet twice now, once to Nepal and are now travelling to beautiful Bhutan with Summer in Paro. My last olfactory excursion to the land of the Thunder Dragon was a while ago. I traveled there with L&#8217;Artisan Parfumeur, Bertrand Duchaufour and my dearest Dzongkha. <a href=\"https:\/\/www.alzd.de\/2010\/07\/26\/dzongkha\/\" target=\"_blank\" rel=\"noreferrer noopener\">Here<\/a> you can read my fragrance impressions from that time.<\/p>\n\n\n\n<blockquote class=\"wp-block-quote is-layout-flow wp-block-quote-is-layout-flow\">\n<p>In the western part of the Kingdom of Bhutan, at an altitude of 2,250 meters, the Paro Valley is covered by a sacred forest of Himalayan pines. Opulence and serenity reign under the gentle summer sun. A wonderful phenomenon, a miracle of nature: the conifers produce &#8220;golden tears&#8221;, a fragrant resin with a smoky, ambrosial scent that blends with the sweet aroma of honey from the plateaus. Nectar, flowers and pollen fill the summer air with their sweet, lovely and pleasurable aroma. The sacred Buddhist temple of Paro Taktsang &#8211; or Tiger&#8217;s Nest &#8211; clinging to a steep cliff 900 meters above sea level, gives the valley a mysterious and mystical air.<\/p>\n<\/blockquote>\n\n\n<div class=\"wp-block-image\">\n<figure class=\"aligncenter size-large\"><img decoding=\"async\" width=\"860\" height=\"1080\" src=\"https:\/\/www.alzd.de\/wp-content\/2022\/11\/Bildschirmfoto-vom-2022-11-02-10-43-29-860x1080.jpg\" alt=\"hima jomo - Summer in Paro\" class=\"wp-image-101762\" title=\"hima jomo - Summer in Paro\" srcset=\"https:\/\/www.alzd.de\/wp-content\/2022\/11\/Bildschirmfoto-vom-2022-11-02-10-43-29-860x1080.jpg 860w, https:\/\/www.alzd.de\/wp-content\/2022\/11\/Bildschirmfoto-vom-2022-11-02-10-43-29-573x720.jpg 573w, https:\/\/www.alzd.de\/wp-content\/2022\/11\/Bildschirmfoto-vom-2022-11-02-10-43-29-287x360.jpg 287w, https:\/\/www.alzd.de\/wp-content\/2022\/11\/Bildschirmfoto-vom-2022-11-02-10-43-29-768x965.jpg 768w, https:\/\/www.alzd.de\/wp-content\/2022\/11\/Bildschirmfoto-vom-2022-11-02-10-43-29-279x350.jpg 279w, https:\/\/www.alzd.de\/wp-content\/2022\/11\/Bildschirmfoto-vom-2022-11-02-10-43-29.jpg 960w\" sizes=\"(max-width: 860px) 100vw, 860px\" \/><figcaption class=\"wp-element-caption\">Summer in Paro from <a href=\"https:\/\/www.instagram.com\/p\/Ce6dyvcLUpR\/\" target=\"_blank\" rel=\"noreferrer noopener\">Instagram<\/a><\/figcaption><\/figure>\n<\/div>\n\n\n<p>hima jomo combines in Summer in Paro the ingredients <strong>Szechuan pepper, petitgrain, honey, osmanthus, benzoin resin, amyris, fir balsam, sandalwood, patchouli<\/strong> and <strong>labdanum (cistus)<\/strong>.<\/p>\n\n\n\n<h3 class=\"wp-block-heading\">A visit to the tiger&#8217;s nest<\/h3>\n\n\n\n<p>Lovely, powdery and with a gentle peppery spiciness, Summer in Paro starts off the fragrance. Golden yellow is the honey that makes the prelude so seductive and sensual. Osmanthus adds delicate fruity and creamy velvety floral nuances, underlined by benzoin resin and the woody warmth of amyris and sandalwood. <\/p>\n\n\n\n<p>Patchouli and fir balsam give the eau de parfum depth and durability. They also prevent the creation from drifting into an overly lush sweetness and give it slightly darker and delicately smoky accents. Softly, warmly and comfortably, Summer in Paro fades out very gradually.<\/p>\n\n\n<div class=\"wp-block-image\">\n<figure class=\"aligncenter size-full\"><img decoding=\"async\" width=\"600\" height=\"600\" src=\"https:\/\/www.alzd.de\/wp-content\/2022\/11\/summer-in-paro.jpg\" alt=\"hima jomo - Summer in Paro\" class=\"wp-image-101774\" title=\"hima jomo - Summer in Paro\" srcset=\"https:\/\/www.alzd.de\/wp-content\/2022\/11\/summer-in-paro.jpg 600w, https:\/\/www.alzd.de\/wp-content\/2022\/11\/summer-in-paro-360x360.jpg 360w, https:\/\/www.alzd.de\/wp-content\/2022\/11\/summer-in-paro-350x350.jpg 350w\" sizes=\"(max-width: 600px) 100vw, 600px\" \/><\/figure>\n<\/div>\n\n\n<p>Summer in Paro beautifully rounds out the collection of the young niche fragrance brand hima jomo. The clean lines of the creations, their incredible serenity, which at times may seem pensive and melancholic, in other situations meditative and at peace, their transparency and delicacy, the balance of the compositions make this collection of seasons, consisting of four fragrances, in my eyes something very special and beautiful. For those interested, I recommend the <a href=\"https:\/\/www.ausliebezumduft.de\/hima-jomo-discovery-set.html\" target=\"_blank\" rel=\"noreferrer noopener\">Discovery Set<\/a>, which includes all four Eaux de Parfum.<\/p>\n\n\n\n<div class=\"wp-block-buttons is-content-justification-center is-layout-flex wp-container-core-buttons-is-layout-16018d1d wp-block-buttons-is-layout-flex\">\n<div class=\"wp-block-button has-custom-width wp-block-button__width-50\"><a class=\"wp-block-button__link has-white-color has-text-color has-background wp-element-button\" href=\"https:\/\/www.ausliebezumduft.de\/hima-jomo-summer-in-paro.html\" style=\"background-color:#cf8a45\" target=\"_blank\" rel=\"noreferrer noopener\"><strong>Summer in Paro<\/strong><\/a><\/div>\n<\/div>\n","protected":false},"excerpt":{"rendered":"<p>Today we dedicate ourselves to Spring in Bome and Summer in Paro by hima jomo, after I have already presented the two creations Autumn in Lhoka and Winter&#8230;<\/p>\n<div class=\"more-link-wrapper\"><a class=\"more-link\" href=\"https:\/\/www.alzd.de\/en\/2022\/11\/01\/spring-in-bome-and-summer-in-paro-by-hima-jomo-tibet-and-bhutan\/\">WEITERLESEN<span class=\"screen-reader-text\">Spring in Bome and Summer in Paro by hima jomo &#8211; Tibet and Bhutan<\/span><\/a><\/div>\n","protected":false},"author":535,"featured_media":101782,"comment_status":"open","ping_status":"closed","sticky":false,"template":"","format":"standard","meta":{"footnotes":""},"categories":[1151,1117,1157,1116,1114],"tags":[1637,1741],"class_list":["post-101788","post","type-post","status-publish","format-standard","has-post-thumbnail","hentry","category-flowers","category-fragrances","category-green","category-tobacco-smoky","category-woody","tag-delphine-thierry-en","tag-hima-jomo-en","excerpt","zoom","full-without-featured","even","excerpt-0"],"yoast_head":"<!-- This site is optimized with the Yoast SEO plugin v27.5 - https:\/\/yoast.com\/product\/yoast-seo-wordpress\/ -->\n<title>Spring in Bome &amp; Summer in Paro by hima jomo - Duft-Tagebuch<\/title>\n<meta name=\"description\" content=\"Today we dedicate to Spring in Bome and Summer in Paro by hima jomo, after I already showed you on Sunday the two creations Autumn in ...\" \/>\n<meta name=\"robots\" content=\"index, follow, max-snippet:-1, max-image-preview:large, max-video-preview:-1\" \/>\n<link rel=\"canonical\" href=\"https:\/\/www.alzd.de\/en\/2022\/11\/01\/spring-in-bome-and-summer-in-paro-by-hima-jomo-tibet-and-bhutan\/\" \/>\n<meta property=\"og:locale\" content=\"en_US\" \/>\n<meta property=\"og:type\" content=\"article\" \/>\n<meta property=\"og:title\" content=\"Spring in Bome &amp; Summer in Paro by hima jomo - Duft-Tagebuch\" \/>\n<meta property=\"og:url\" content=\"https:\/\/www.alzd.de\/en\/2022\/11\/01\/spring-in-bome-and-summer-in-paro-by-hima-jomo-tibet-and-bhutan\/\" \/>\n<meta property=\"og:site_name\" content=\"Das Duft-Tagebuch\" \/>\n<meta property=\"article:publisher\" content=\"https:\/\/www.facebook.com\/dufttagebuch\/\" \/>\n<meta property=\"article:author\" content=\"https:\/\/www.facebook.com\/stephanie.tkaczik\" \/>\n<meta property=\"article:published_time\" content=\"2022-11-01T06:30:00+00:00\" \/>\n<meta property=\"article:modified_time\" content=\"2022-11-03T13:49:41+00:00\" \/>\n<meta property=\"og:image\" content=\"https:\/\/www.alzd.de\/wp-content\/2022\/11\/bb_Bildschirmfoto-vom-2022-11-01-11-38-15.jpg\" \/>\n\t<meta property=\"og:image:width\" content=\"720\" \/>\n\t<meta property=\"og:image:height\" content=\"400\" \/>\n\t<meta property=\"og:image:type\" content=\"image\/jpeg\" \/>\n<meta name=\"author\" content=\"Julia Bir\u00f3\" \/>\n<meta name=\"twitter:card\" content=\"summary_large_image\" \/>\n<meta name=\"twitter:creator\" content=\"@ausliebezumduft\" \/>\n<meta name=\"twitter:site\" content=\"@ausliebezumduft\" \/>\n<script type=\"application\/ld+json\" class=\"yoast-schema-graph\">{\"@context\":\"https:\\\/\\\/schema.org\",\"@graph\":[{\"@type\":\"Article\",\"@id\":\"https:\\\/\\\/www.alzd.de\\\/en\\\/2022\\\/11\\\/01\\\/spring-in-bome-and-summer-in-paro-by-hima-jomo-tibet-and-bhutan\\\/#article\",\"isPartOf\":{\"@id\":\"https:\\\/\\\/www.alzd.de\\\/en\\\/2022\\\/11\\\/01\\\/spring-in-bome-and-summer-in-paro-by-hima-jomo-tibet-and-bhutan\\\/\"},\"author\":{\"name\":\"Julia Bir\u00f3\",\"@id\":\"https:\\\/\\\/www.alzd.de\\\/en\\\/#\\\/schema\\\/person\\\/8efcd8f02447fdbe8f29ad465897d04e\"},\"headline\":\"Spring in Bome and Summer in Paro by hima jomo &#8211; Tibet and Bhutan\",\"datePublished\":\"2022-11-01T06:30:00+00:00\",\"dateModified\":\"2022-11-03T13:49:41+00:00\",\"mainEntityOfPage\":{\"@id\":\"https:\\\/\\\/www.alzd.de\\\/en\\\/2022\\\/11\\\/01\\\/spring-in-bome-and-summer-in-paro-by-hima-jomo-tibet-and-bhutan\\\/\"},\"wordCount\":895,\"commentCount\":0,\"publisher\":{\"@id\":\"https:\\\/\\\/www.alzd.de\\\/en\\\/#organization\"},\"image\":{\"@id\":\"https:\\\/\\\/www.alzd.de\\\/en\\\/2022\\\/11\\\/01\\\/spring-in-bome-and-summer-in-paro-by-hima-jomo-tibet-and-bhutan\\\/#primaryimage\"},\"thumbnailUrl\":\"https:\\\/\\\/www.alzd.de\\\/wp-content\\\/2022\\\/11\\\/bb_Bildschirmfoto-vom-2022-11-01-11-38-15.jpg\",\"keywords\":[\"Delphine Thierry\",\"hima jomo\"],\"articleSection\":[\"Flowers\",\"Fragrances\",\"Green\",\"Tobacco &amp; Smoky\",\"Woody\"],\"inLanguage\":\"en-US\",\"potentialAction\":[{\"@type\":\"CommentAction\",\"name\":\"Comment\",\"target\":[\"https:\\\/\\\/www.alzd.de\\\/en\\\/2022\\\/11\\\/01\\\/spring-in-bome-and-summer-in-paro-by-hima-jomo-tibet-and-bhutan\\\/#respond\"]}]},{\"@type\":\"WebPage\",\"@id\":\"https:\\\/\\\/www.alzd.de\\\/en\\\/2022\\\/11\\\/01\\\/spring-in-bome-and-summer-in-paro-by-hima-jomo-tibet-and-bhutan\\\/\",\"url\":\"https:\\\/\\\/www.alzd.de\\\/en\\\/2022\\\/11\\\/01\\\/spring-in-bome-and-summer-in-paro-by-hima-jomo-tibet-and-bhutan\\\/\",\"name\":\"Spring in Bome & Summer in Paro by hima jomo - Duft-Tagebuch\",\"isPartOf\":{\"@id\":\"https:\\\/\\\/www.alzd.de\\\/en\\\/#website\"},\"primaryImageOfPage\":{\"@id\":\"https:\\\/\\\/www.alzd.de\\\/en\\\/2022\\\/11\\\/01\\\/spring-in-bome-and-summer-in-paro-by-hima-jomo-tibet-and-bhutan\\\/#primaryimage\"},\"image\":{\"@id\":\"https:\\\/\\\/www.alzd.de\\\/en\\\/2022\\\/11\\\/01\\\/spring-in-bome-and-summer-in-paro-by-hima-jomo-tibet-and-bhutan\\\/#primaryimage\"},\"thumbnailUrl\":\"https:\\\/\\\/www.alzd.de\\\/wp-content\\\/2022\\\/11\\\/bb_Bildschirmfoto-vom-2022-11-01-11-38-15.jpg\",\"datePublished\":\"2022-11-01T06:30:00+00:00\",\"dateModified\":\"2022-11-03T13:49:41+00:00\",\"description\":\"Today we dedicate to Spring in Bome and Summer in Paro by hima jomo, after I already showed you on Sunday the two creations Autumn in ...\",\"breadcrumb\":{\"@id\":\"https:\\\/\\\/www.alzd.de\\\/en\\\/2022\\\/11\\\/01\\\/spring-in-bome-and-summer-in-paro-by-hima-jomo-tibet-and-bhutan\\\/#breadcrumb\"},\"inLanguage\":\"en-US\",\"potentialAction\":[{\"@type\":\"ReadAction\",\"target\":[\"https:\\\/\\\/www.alzd.de\\\/en\\\/2022\\\/11\\\/01\\\/spring-in-bome-and-summer-in-paro-by-hima-jomo-tibet-and-bhutan\\\/\"]}]},{\"@type\":\"ImageObject\",\"inLanguage\":\"en-US\",\"@id\":\"https:\\\/\\\/www.alzd.de\\\/en\\\/2022\\\/11\\\/01\\\/spring-in-bome-and-summer-in-paro-by-hima-jomo-tibet-and-bhutan\\\/#primaryimage\",\"url\":\"https:\\\/\\\/www.alzd.de\\\/wp-content\\\/2022\\\/11\\\/bb_Bildschirmfoto-vom-2022-11-01-11-38-15.jpg\",\"contentUrl\":\"https:\\\/\\\/www.alzd.de\\\/wp-content\\\/2022\\\/11\\\/bb_Bildschirmfoto-vom-2022-11-01-11-38-15.jpg\",\"width\":720,\"height\":400},{\"@type\":\"BreadcrumbList\",\"@id\":\"https:\\\/\\\/www.alzd.de\\\/en\\\/2022\\\/11\\\/01\\\/spring-in-bome-and-summer-in-paro-by-hima-jomo-tibet-and-bhutan\\\/#breadcrumb\",\"itemListElement\":[{\"@type\":\"ListItem\",\"position\":1,\"name\":\"Startseite\",\"item\":\"https:\\\/\\\/www.alzd.de\\\/en\\\/\"},{\"@type\":\"ListItem\",\"position\":2,\"name\":\"Spring in Bome and Summer in Paro by hima jomo &#8211; Tibet and Bhutan\"}]},{\"@type\":\"WebSite\",\"@id\":\"https:\\\/\\\/www.alzd.de\\\/en\\\/#website\",\"url\":\"https:\\\/\\\/www.alzd.de\\\/en\\\/\",\"name\":\"Das Duft-Tagebuch\",\"description\":\"Das Parfumblog von Aus Liebe zum Duft\",\"publisher\":{\"@id\":\"https:\\\/\\\/www.alzd.de\\\/en\\\/#organization\"},\"potentialAction\":[{\"@type\":\"SearchAction\",\"target\":{\"@type\":\"EntryPoint\",\"urlTemplate\":\"https:\\\/\\\/www.alzd.de\\\/en\\\/?s={search_term_string}\"},\"query-input\":{\"@type\":\"PropertyValueSpecification\",\"valueRequired\":true,\"valueName\":\"search_term_string\"}}],\"inLanguage\":\"en-US\"},{\"@type\":\"Organization\",\"@id\":\"https:\\\/\\\/www.alzd.de\\\/en\\\/#organization\",\"name\":\"Das Duft-Tagebuch\",\"url\":\"https:\\\/\\\/www.alzd.de\\\/en\\\/\",\"logo\":{\"@type\":\"ImageObject\",\"inLanguage\":\"en-US\",\"@id\":\"https:\\\/\\\/www.alzd.de\\\/en\\\/#\\\/schema\\\/logo\\\/image\\\/\",\"url\":\"https:\\\/\\\/www.alzd.de\\\/wp-content\\\/2023\\\/08\\\/alzd_dufttagebuch.png\",\"contentUrl\":\"https:\\\/\\\/www.alzd.de\\\/wp-content\\\/2023\\\/08\\\/alzd_dufttagebuch.png\",\"width\":1804,\"height\":416,\"caption\":\"Das Duft-Tagebuch\"},\"image\":{\"@id\":\"https:\\\/\\\/www.alzd.de\\\/en\\\/#\\\/schema\\\/logo\\\/image\\\/\"},\"sameAs\":[\"https:\\\/\\\/www.facebook.com\\\/dufttagebuch\\\/\",\"https:\\\/\\\/x.com\\\/ausliebezumduft\",\"https:\\\/\\\/www.instagram.com\\\/ausliebezumduft.de\\\/\",\"https:\\\/\\\/www.youtube.com\\\/c\\\/ausliebezumduft\"]},{\"@type\":\"Person\",\"@id\":\"https:\\\/\\\/www.alzd.de\\\/en\\\/#\\\/schema\\\/person\\\/8efcd8f02447fdbe8f29ad465897d04e\",\"name\":\"Julia Bir\u00f3\",\"image\":{\"@type\":\"ImageObject\",\"inLanguage\":\"en-US\",\"@id\":\"https:\\\/\\\/www.alzd.de\\\/wp-content\\\/2018\\\/02\\\/cropped-cropped-mitarbeiterbilder_steffi--96x96.jpg\",\"url\":\"https:\\\/\\\/www.alzd.de\\\/wp-content\\\/2018\\\/02\\\/cropped-cropped-mitarbeiterbilder_steffi--96x96.jpg\",\"contentUrl\":\"https:\\\/\\\/www.alzd.de\\\/wp-content\\\/2018\\\/02\\\/cropped-cropped-mitarbeiterbilder_steffi--96x96.jpg\",\"caption\":\"Julia Bir\u00f3\"},\"description\":\"Bereits 2010 gingen so einige Blogbeitr\u00e4ge auf mein Konto. Dann war ich \u201ekurz\u201c weg \u2013 sechs Jahre. Umso mehr freut es mich, dass ich nun wieder die Chance bekomme, mein N\u00e4schen im Dienste der Duftrezension schnuppern zu lassen und eifrig in die Tasten zu hauen. Was Nischend\u00fcfte angeht, habe ich damals \u00fcbrigens schnell Feuer gefangen. Meine Ausbildung tat dazu ihr \u00dcbriges: Als diplomierte Biologin kenne ich mich nicht nur mit Fauna und Flora, sondern auch recht gut mit der Herstellung von \u00d6len und Extrakten aus, was den Reiz der Parfumwelt nat\u00fcrlich noch gr\u00f6\u00dfer macht.\",\"sameAs\":[\"https:\\\/\\\/biro.is\\\/\",\"https:\\\/\\\/www.facebook.com\\\/stephanie.tkaczik\"],\"url\":\"https:\\\/\\\/www.alzd.de\\\/en\\\/author\\\/stephanie\\\/\"}]}<\/script>\n<!-- \/ Yoast SEO plugin. -->","yoast_head_json":{"title":"Spring in Bome & Summer in Paro by hima jomo - Duft-Tagebuch","description":"Today we dedicate to Spring in Bome and Summer in Paro by hima jomo, after I already showed you on Sunday the two creations Autumn in ...","robots":{"index":"index","follow":"follow","max-snippet":"max-snippet:-1","max-image-preview":"max-image-preview:large","max-video-preview":"max-video-preview:-1"},"canonical":"https:\/\/www.alzd.de\/en\/2022\/11\/01\/spring-in-bome-and-summer-in-paro-by-hima-jomo-tibet-and-bhutan\/","og_locale":"en_US","og_type":"article","og_title":"Spring in Bome & Summer in Paro by hima jomo - Duft-Tagebuch","og_url":"https:\/\/www.alzd.de\/en\/2022\/11\/01\/spring-in-bome-and-summer-in-paro-by-hima-jomo-tibet-and-bhutan\/","og_site_name":"Das Duft-Tagebuch","article_publisher":"https:\/\/www.facebook.com\/dufttagebuch\/","article_author":"https:\/\/www.facebook.com\/stephanie.tkaczik","article_published_time":"2022-11-01T06:30:00+00:00","article_modified_time":"2022-11-03T13:49:41+00:00","og_image":[{"width":720,"height":400,"url":"https:\/\/www.alzd.de\/wp-content\/2022\/11\/bb_Bildschirmfoto-vom-2022-11-01-11-38-15.jpg","type":"image\/jpeg"}],"author":"Julia Bir\u00f3","twitter_card":"summary_large_image","twitter_creator":"@ausliebezumduft","twitter_site":"@ausliebezumduft","schema":{"@context":"https:\/\/schema.org","@graph":[{"@type":"Article","@id":"https:\/\/www.alzd.de\/en\/2022\/11\/01\/spring-in-bome-and-summer-in-paro-by-hima-jomo-tibet-and-bhutan\/#article","isPartOf":{"@id":"https:\/\/www.alzd.de\/en\/2022\/11\/01\/spring-in-bome-and-summer-in-paro-by-hima-jomo-tibet-and-bhutan\/"},"author":{"name":"Julia Bir\u00f3","@id":"https:\/\/www.alzd.de\/en\/#\/schema\/person\/8efcd8f02447fdbe8f29ad465897d04e"},"headline":"Spring in Bome and Summer in Paro by hima jomo &#8211; Tibet and Bhutan","datePublished":"2022-11-01T06:30:00+00:00","dateModified":"2022-11-03T13:49:41+00:00","mainEntityOfPage":{"@id":"https:\/\/www.alzd.de\/en\/2022\/11\/01\/spring-in-bome-and-summer-in-paro-by-hima-jomo-tibet-and-bhutan\/"},"wordCount":895,"commentCount":0,"publisher":{"@id":"https:\/\/www.alzd.de\/en\/#organization"},"image":{"@id":"https:\/\/www.alzd.de\/en\/2022\/11\/01\/spring-in-bome-and-summer-in-paro-by-hima-jomo-tibet-and-bhutan\/#primaryimage"},"thumbnailUrl":"https:\/\/www.alzd.de\/wp-content\/2022\/11\/bb_Bildschirmfoto-vom-2022-11-01-11-38-15.jpg","keywords":["Delphine Thierry","hima jomo"],"articleSection":["Flowers","Fragrances","Green","Tobacco &amp; Smoky","Woody"],"inLanguage":"en-US","potentialAction":[{"@type":"CommentAction","name":"Comment","target":["https:\/\/www.alzd.de\/en\/2022\/11\/01\/spring-in-bome-and-summer-in-paro-by-hima-jomo-tibet-and-bhutan\/#respond"]}]},{"@type":"WebPage","@id":"https:\/\/www.alzd.de\/en\/2022\/11\/01\/spring-in-bome-and-summer-in-paro-by-hima-jomo-tibet-and-bhutan\/","url":"https:\/\/www.alzd.de\/en\/2022\/11\/01\/spring-in-bome-and-summer-in-paro-by-hima-jomo-tibet-and-bhutan\/","name":"Spring in Bome & Summer in Paro by hima jomo - Duft-Tagebuch","isPartOf":{"@id":"https:\/\/www.alzd.de\/en\/#website"},"primaryImageOfPage":{"@id":"https:\/\/www.alzd.de\/en\/2022\/11\/01\/spring-in-bome-and-summer-in-paro-by-hima-jomo-tibet-and-bhutan\/#primaryimage"},"image":{"@id":"https:\/\/www.alzd.de\/en\/2022\/11\/01\/spring-in-bome-and-summer-in-paro-by-hima-jomo-tibet-and-bhutan\/#primaryimage"},"thumbnailUrl":"https:\/\/www.alzd.de\/wp-content\/2022\/11\/bb_Bildschirmfoto-vom-2022-11-01-11-38-15.jpg","datePublished":"2022-11-01T06:30:00+00:00","dateModified":"2022-11-03T13:49:41+00:00","description":"Today we dedicate to Spring in Bome and Summer in Paro by hima jomo, after I already showed you on Sunday the two creations Autumn in ...","breadcrumb":{"@id":"https:\/\/www.alzd.de\/en\/2022\/11\/01\/spring-in-bome-and-summer-in-paro-by-hima-jomo-tibet-and-bhutan\/#breadcrumb"},"inLanguage":"en-US","potentialAction":[{"@type":"ReadAction","target":["https:\/\/www.alzd.de\/en\/2022\/11\/01\/spring-in-bome-and-summer-in-paro-by-hima-jomo-tibet-and-bhutan\/"]}]},{"@type":"ImageObject","inLanguage":"en-US","@id":"https:\/\/www.alzd.de\/en\/2022\/11\/01\/spring-in-bome-and-summer-in-paro-by-hima-jomo-tibet-and-bhutan\/#primaryimage","url":"https:\/\/www.alzd.de\/wp-content\/2022\/11\/bb_Bildschirmfoto-vom-2022-11-01-11-38-15.jpg","contentUrl":"https:\/\/www.alzd.de\/wp-content\/2022\/11\/bb_Bildschirmfoto-vom-2022-11-01-11-38-15.jpg","width":720,"height":400},{"@type":"BreadcrumbList","@id":"https:\/\/www.alzd.de\/en\/2022\/11\/01\/spring-in-bome-and-summer-in-paro-by-hima-jomo-tibet-and-bhutan\/#breadcrumb","itemListElement":[{"@type":"ListItem","position":1,"name":"Startseite","item":"https:\/\/www.alzd.de\/en\/"},{"@type":"ListItem","position":2,"name":"Spring in Bome and Summer in Paro by hima jomo &#8211; Tibet and Bhutan"}]},{"@type":"WebSite","@id":"https:\/\/www.alzd.de\/en\/#website","url":"https:\/\/www.alzd.de\/en\/","name":"Das Duft-Tagebuch","description":"Das Parfumblog von Aus Liebe zum Duft","publisher":{"@id":"https:\/\/www.alzd.de\/en\/#organization"},"potentialAction":[{"@type":"SearchAction","target":{"@type":"EntryPoint","urlTemplate":"https:\/\/www.alzd.de\/en\/?s={search_term_string}"},"query-input":{"@type":"PropertyValueSpecification","valueRequired":true,"valueName":"search_term_string"}}],"inLanguage":"en-US"},{"@type":"Organization","@id":"https:\/\/www.alzd.de\/en\/#organization","name":"Das Duft-Tagebuch","url":"https:\/\/www.alzd.de\/en\/","logo":{"@type":"ImageObject","inLanguage":"en-US","@id":"https:\/\/www.alzd.de\/en\/#\/schema\/logo\/image\/","url":"https:\/\/www.alzd.de\/wp-content\/2023\/08\/alzd_dufttagebuch.png","contentUrl":"https:\/\/www.alzd.de\/wp-content\/2023\/08\/alzd_dufttagebuch.png","width":1804,"height":416,"caption":"Das Duft-Tagebuch"},"image":{"@id":"https:\/\/www.alzd.de\/en\/#\/schema\/logo\/image\/"},"sameAs":["https:\/\/www.facebook.com\/dufttagebuch\/","https:\/\/x.com\/ausliebezumduft","https:\/\/www.instagram.com\/ausliebezumduft.de\/","https:\/\/www.youtube.com\/c\/ausliebezumduft"]},{"@type":"Person","@id":"https:\/\/www.alzd.de\/en\/#\/schema\/person\/8efcd8f02447fdbe8f29ad465897d04e","name":"Julia Bir\u00f3","image":{"@type":"ImageObject","inLanguage":"en-US","@id":"https:\/\/www.alzd.de\/wp-content\/2018\/02\/cropped-cropped-mitarbeiterbilder_steffi--96x96.jpg","url":"https:\/\/www.alzd.de\/wp-content\/2018\/02\/cropped-cropped-mitarbeiterbilder_steffi--96x96.jpg","contentUrl":"https:\/\/www.alzd.de\/wp-content\/2018\/02\/cropped-cropped-mitarbeiterbilder_steffi--96x96.jpg","caption":"Julia Bir\u00f3"},"description":"Bereits 2010 gingen so einige Blogbeitr\u00e4ge auf mein Konto. Dann war ich \u201ekurz\u201c weg \u2013 sechs Jahre. Umso mehr freut es mich, dass ich nun wieder die Chance bekomme, mein N\u00e4schen im Dienste der Duftrezension schnuppern zu lassen und eifrig in die Tasten zu hauen. Was Nischend\u00fcfte angeht, habe ich damals \u00fcbrigens schnell Feuer gefangen. Meine Ausbildung tat dazu ihr \u00dcbriges: Als diplomierte Biologin kenne ich mich nicht nur mit Fauna und Flora, sondern auch recht gut mit der Herstellung von \u00d6len und Extrakten aus, was den Reiz der Parfumwelt nat\u00fcrlich noch gr\u00f6\u00dfer macht.","sameAs":["https:\/\/biro.is\/","https:\/\/www.facebook.com\/stephanie.tkaczik"],"url":"https:\/\/www.alzd.de\/en\/author\/stephanie\/"}]}},"wp-worthy-pixel":{"ignored":false,"public":null,"server":null,"url":null},"wp-worthy-type":"normal","_links":{"self":[{"href":"https:\/\/www.alzd.de\/en\/wp-json\/wp\/v2\/posts\/101788","targetHints":{"allow":["GET"]}}],"collection":[{"href":"https:\/\/www.alzd.de\/en\/wp-json\/wp\/v2\/posts"}],"about":[{"href":"https:\/\/www.alzd.de\/en\/wp-json\/wp\/v2\/types\/post"}],"author":[{"embeddable":true,"href":"https:\/\/www.alzd.de\/en\/wp-json\/wp\/v2\/users\/535"}],"replies":[{"embeddable":true,"href":"https:\/\/www.alzd.de\/en\/wp-json\/wp\/v2\/comments?post=101788"}],"version-history":[{"count":4,"href":"https:\/\/www.alzd.de\/en\/wp-json\/wp\/v2\/posts\/101788\/revisions"}],"predecessor-version":[{"id":101835,"href":"https:\/\/www.alzd.de\/en\/wp-json\/wp\/v2\/posts\/101788\/revisions\/101835"}],"wp:featuredmedia":[{"embeddable":true,"href":"https:\/\/www.alzd.de\/en\/wp-json\/wp\/v2\/media\/101782"}],"wp:attachment":[{"href":"https:\/\/www.alzd.de\/en\/wp-json\/wp\/v2\/media?parent=101788"}],"wp:term":[{"taxonomy":"category","embeddable":true,"href":"https:\/\/www.alzd.de\/en\/wp-json\/wp\/v2\/categories?post=101788"},{"taxonomy":"post_tag","embeddable":true,"href":"https:\/\/www.alzd.de\/en\/wp-json\/wp\/v2\/tags?post=101788"}],"curies":[{"name":"wp","href":"https:\/\/api.w.org\/{rel}","templated":true}]}}