{"id":101476,"date":"2022-10-18T07:30:00","date_gmt":"2022-10-18T05:30:00","guid":{"rendered":"https:\/\/www.alzd.de\/2022\/10\/18\/edo-park-and-or-des-iles-by-cherigan-japans-gardens-and-the-gold-of-the-islands\/"},"modified":"2022-10-18T17:47:12","modified_gmt":"2022-10-18T15:47:12","slug":"edo-park-and-or-des-iles-by-cherigan-japans-gardens-and-the-gold-of-the-islands","status":"publish","type":"post","link":"https:\/\/www.alzd.de\/en\/2022\/10\/18\/edo-park-and-or-des-iles-by-cherigan-japans-gardens-and-the-gold-of-the-islands\/","title":{"rendered":"Edo Park and Or des Iles by Cherigan &#8211; Japan&#8217;s Gardens and the Gold of the Islands"},"content":{"rendered":"\n<p>With <a href=\"https:\/\/www.ausliebezumduft.de\/cherigan-edo-park.html\" target=\"_blank\" rel=\"noreferrer noopener\">Edo Park<\/a> and <a href=\"https:\/\/www.ausliebezumduft.de\/cherigan-or-des-iles.html\" target=\"_blank\" rel=\"noreferrer noopener\">Or des Iles<\/a> we continue our series on the fragrance house <a href=\"https:\/\/www.ausliebezumduft.de\/fragrances\/cherigan.html\" target=\"_blank\" rel=\"noreferrer noopener\">Cherigan<\/a> and with these two fragrances we embark on an olfactory journey towards the East, to Asia and the South Seas. Whereas with Edo Park our destination is precisely known, namely Japan, with Or des Iles no exact destination is given. The fragrance is supposed to be exotic, so I automatically located it in the South Seas.<\/p>\n<div class=\"wp-block-image\">\n<figure class=\"aligncenter size-large\"><img decoding=\"async\" width=\"1080\" height=\"1073\" src=\"https:\/\/www.alzd.de\/wp-content\/2022\/10\/Bildschirmfoto-vom-2022-10-17-11-19-12-1080x1073.png\" alt=\"Cherigan &#x2013; Edo Park\" class=\"wp-image-101437\" title=\"Cherigan &#x2013; Edo Park\" srcset=\"https:\/\/www.alzd.de\/wp-content\/2022\/10\/Bildschirmfoto-vom-2022-10-17-11-19-12-1080x1073.png 1080w, https:\/\/www.alzd.de\/wp-content\/2022\/10\/Bildschirmfoto-vom-2022-10-17-11-19-12-720x715.png 720w, https:\/\/www.alzd.de\/wp-content\/2022\/10\/Bildschirmfoto-vom-2022-10-17-11-19-12-360x358.png 360w, https:\/\/www.alzd.de\/wp-content\/2022\/10\/Bildschirmfoto-vom-2022-10-17-11-19-12-768x763.png 768w, https:\/\/www.alzd.de\/wp-content\/2022\/10\/Bildschirmfoto-vom-2022-10-17-11-19-12-352x350.png 352w, https:\/\/www.alzd.de\/wp-content\/2022\/10\/Bildschirmfoto-vom-2022-10-17-11-19-12.png 1209w\" sizes=\"(max-width: 1080px) 100vw, 1080px\" \/><figcaption>Edo Park from <a href=\"https:\/\/www.instagram.com\/cheriganparis\/\" target=\"_blank\" rel=\"noreferrer noopener\">Instagram<\/a><\/figcaption><\/figure>\n<\/div>\n<p>I&#8217;m pleased to link you to my last two posts on the Cherigan fragrance house, namely an interview with the current brand owner and my first review of Fleur de Tabac and Lovers in Pink:<\/p>\n\n<ul class=\"wp-block-list\"><li><a href=\"https:\/\/www.alzd.de\/en\/2022\/10\/13\/interview-with-cherigans-founder-luc-gabriel-the-scent-of-the-golden-twenties\/\">Interview with Cherigan\u2019s founder Luc Gabriel &#8211; The scent of the golden twenties<\/a><\/li><li><a href=\"https:\/\/www.alzd.de\/en\/2022\/10\/14\/fleurs-de-tabac-and-lovers-in-pink-by-cherigan-of-tobacco-flowers-and-lovers\/\">Fleurs de Tabac and Lovers in Pink by Cherigan &#8211; of tobacco flowers and lovers.<\/a><\/li><\/ul>\n\n<h2 class=\"wp-block-heading\">Edo Park &#8211; Japanese aesthetics<\/h2>\n\n<p>So with Edo Park, Cherigan takes us to Japan, Tokyo to be exact. For &#8220;Edo&#8221; was the name of Tokyo from the beginning of the 17th century until the middle of the 19th century, before the city was given the name we use today in 1868. Today, an amusement park called &#8220;Edo Wonderland&#8221; north of Tokyo, designed for tourists and locals, still pays homage to that time when the present capital of Japan still bore the name Edo under the rule of the Shogun dynasty.<\/p>\n\n<p>The fragrance Edo Park is not dedicated to the theme park, but to Tokyo&#8217;s green spaces and, beyond that, to the Japanese artist Tsuguharu Foujita, who lived in Paris from 1913 onwards and enjoyed great success there from the mid-1920s onwards with his Asian-European works.<\/p>\n<div class=\"wp-block-image\">\n<figure class=\"aligncenter size-large\"><img decoding=\"async\" width=\"1077\" height=\"1080\" src=\"https:\/\/www.alzd.de\/wp-content\/2022\/10\/Bildschirmfoto-vom-2022-10-17-11-18-14-1077x1080.png\" alt=\"Cherigan &#x2013; Edo Park\" class=\"wp-image-101445\" title=\"Cherigan &#x2013; Edo Park\" srcset=\"https:\/\/www.alzd.de\/wp-content\/2022\/10\/Bildschirmfoto-vom-2022-10-17-11-18-14-1077x1080.png 1077w, https:\/\/www.alzd.de\/wp-content\/2022\/10\/Bildschirmfoto-vom-2022-10-17-11-18-14-718x720.png 718w, https:\/\/www.alzd.de\/wp-content\/2022\/10\/Bildschirmfoto-vom-2022-10-17-11-18-14-360x360.png 360w, https:\/\/www.alzd.de\/wp-content\/2022\/10\/Bildschirmfoto-vom-2022-10-17-11-18-14-768x770.png 768w, https:\/\/www.alzd.de\/wp-content\/2022\/10\/Bildschirmfoto-vom-2022-10-17-11-18-14-349x350.png 349w, https:\/\/www.alzd.de\/wp-content\/2022\/10\/Bildschirmfoto-vom-2022-10-17-11-18-14.png 1204w\" sizes=\"(max-width: 1077px) 100vw, 1077px\" \/><figcaption><br \/>Edo Park from <a href=\"https:\/\/www.instagram.com\/cheriganparis\/\" target=\"_blank\" rel=\"noreferrer noopener\">Instagram<\/a><\/figcaption><\/figure>\n<\/div>\n<p>With the fragrance notes of <strong>citrus, pine, osmanthus, freesia, amber<\/strong> and <strong>Virginia cedar wood<\/strong>, the Cherigan brand creates an olfactory monument to the Japanese artist and his homeland.<\/p>\n\n<h3 class=\"wp-block-heading\">The magic of Asia &#8211; Edo Park<\/h3>\n\n<p>Edo Park starts the fragrance with a radiant hesperid note. Light-flooded, very airy and sunny, but also underpinned by a certain dryness and gentle powderiness is the extrait de parfum. Light wood nuances and the delicate watery notes of freesia join in, giving a certain depth to the creation from the house of Cherigan.<\/p>\n\n<p>At the same time, they give Edo Park greenish tendencies, underlined by the velvety and peachy-fruity accents of osmanthus. Finally, ambergris brings a touch of warmth to the fragrance, while the soft and clean-looking nuances of cedar provide durability and grounding.<\/p>\n<div class=\"wp-block-image\">\n<figure class=\"aligncenter size-large\"><img decoding=\"async\" width=\"1080\" height=\"720\" src=\"https:\/\/www.alzd.de\/wp-content\/2022\/10\/edo-park_100m_long-1-1080x720.jpg\" alt=\"Cherigan &#x2013; Edo Park\" class=\"wp-image-101450\" title=\"Cherigan &#x2013; Edo Park\" srcset=\"https:\/\/www.alzd.de\/wp-content\/2022\/10\/edo-park_100m_long-1-1080x720.jpg 1080w, https:\/\/www.alzd.de\/wp-content\/2022\/10\/edo-park_100m_long-1-720x480.jpg 720w, https:\/\/www.alzd.de\/wp-content\/2022\/10\/edo-park_100m_long-1-360x240.jpg 360w, https:\/\/www.alzd.de\/wp-content\/2022\/10\/edo-park_100m_long-1-768x512.jpg 768w, https:\/\/www.alzd.de\/wp-content\/2022\/10\/edo-park_100m_long-1-525x350.jpg 525w, https:\/\/www.alzd.de\/wp-content\/2022\/10\/edo-park_100m_long-1.jpg 1500w\" sizes=\"(max-width: 1080px) 100vw, 1080px\" \/><\/figure>\n<\/div>\n<p>Exceedingly serene, relaxed and contemplative is Edo Park by Cherigan. A fragrance that seems airy and light, rather skin-tight and restrained, but still has excellent durability. An Asian-inspired and woody-fresh floral fragrance, full of clarity and purity. Absolutely suitable for everyday life and office use and also not assigned to any particular season, Edo Park is an elegant, modern and timeless fragrance companion for any occasion.<\/p>\n\n<div class=\"wp-block-buttons is-content-justification-center is-layout-flex wp-container-core-buttons-is-layout-16018d1d wp-block-buttons-is-layout-flex\">\n<div class=\"wp-block-button has-custom-width wp-block-button__width-50\"><a class=\"wp-block-button__link has-white-color has-text-color has-background\" href=\"https:\/\/www.ausliebezumduft.de\/cherigan-edo-park.html\" style=\"background-color:#0322dd\" target=\"_blank\" rel=\"noreferrer noopener\"><strong>Edo Park<\/strong><\/a><\/div>\n<\/div>\n\n<div style=\"height:100px\" aria-hidden=\"true\" class=\"wp-block-spacer\"><\/div>\n\n<h2 class=\"wp-block-heading\">Or des Iles &#8211; the gold of the islands<\/h2>\n\n<p>Or des Iles is such a picturesque title, and somehow the name always makes me think of Paul Gauguin&#8217;s Tahiti paintings, though of course he wasn&#8217;t travelling in the South Seas in the 1920s and 1930s. The painter died shortly after the turn of the century. However, Parisian society&#8217;s love of tropical lands, exotic backdrops and accessories was still evident at the time of Cherigan&#8217;s founding.<\/p>\n\n<blockquote class=\"wp-block-quote is-layout-flow wp-block-quote-is-layout-flow\"><p>Exoticism was a great source of inspiration for Art Deco in the 1920s and 1930s. Wenge, teak, tropical islands &#8230; all these myths are found in a philosophy of pleasure and luxury.<\/p><\/blockquote>\n<div class=\"wp-block-image\">\n<figure class=\"aligncenter size-large\"><img decoding=\"async\" width=\"1080\" height=\"720\" src=\"https:\/\/www.alzd.de\/wp-content\/2022\/10\/Or-des-iles_100m_long-1080x720.jpg\" alt=\"Cherigan - Or des Iles\" class=\"wp-image-101457\" title=\"Cherigan - Or des Iles\" srcset=\"https:\/\/www.alzd.de\/wp-content\/2022\/10\/Or-des-iles_100m_long-1080x720.jpg 1080w, https:\/\/www.alzd.de\/wp-content\/2022\/10\/Or-des-iles_100m_long-720x480.jpg 720w, https:\/\/www.alzd.de\/wp-content\/2022\/10\/Or-des-iles_100m_long-360x240.jpg 360w, https:\/\/www.alzd.de\/wp-content\/2022\/10\/Or-des-iles_100m_long-768x512.jpg 768w, https:\/\/www.alzd.de\/wp-content\/2022\/10\/Or-des-iles_100m_long-525x350.jpg 525w, https:\/\/www.alzd.de\/wp-content\/2022\/10\/Or-des-iles_100m_long.jpg 1500w\" sizes=\"(max-width: 1080px) 100vw, 1080px\" \/><\/figure>\n<\/div>\n<p><strong>Lemon, lime, bergamot, jasmine, ylang-ylang, rose, vanilla<\/strong> and <strong>white musk<\/strong> are the ingredients of this extrait de parfum, designed to capture the scent of an exotic island in the early morning hours.<\/p>\n\n<h3 class=\"wp-block-heading\">Welcome to the fragrance paradise<\/h3>\n\n<p>Beguiling and creamy flowers open Or des Iles. Jasmine, ylang-ylang and rose create an intoxicating floral bouquet that is both soft like cotton and lush. I would bet that more white flowers contribute their scent here, even if they are not mentioned in the official fragrance notes. <\/p>\n\n<p>But perhaps the lovingly arranged bouquet only hints at this, alternating between greenish, creamy and tropical nuances. The citrus gives the creation a subtle freshness that gives it lightness and liveliness and prevents the flowers from becoming too heavy, too opulent. Vanilla and white musk round out Cherigan&#8217;s fragrance with their lovely and powdery spice.<\/p>\n<div class=\"wp-block-image\">\n<figure class=\"aligncenter size-full\"><img decoding=\"async\" width=\"600\" height=\"600\" src=\"https:\/\/www.alzd.de\/wp-content\/2022\/10\/or_des_iles.jpg\" alt=\"Cherigan - Or des Iles\" class=\"wp-image-101463\" title=\"Cherigan - Or des Iles\" srcset=\"https:\/\/www.alzd.de\/wp-content\/2022\/10\/or_des_iles.jpg 600w, https:\/\/www.alzd.de\/wp-content\/2022\/10\/or_des_iles-360x360.jpg 360w, https:\/\/www.alzd.de\/wp-content\/2022\/10\/or_des_iles-350x350.jpg 350w\" sizes=\"(max-width: 600px) 100vw, 600px\" \/><\/figure>\n<\/div>\n<p>Friends of magnificent floral fragrances, of jasmine, of ylang-ylang and rose, of tropical-like creamy notes, of soft and gentle creations with intense floral presence should like Iles des Ors excellently. A noble and elegant fragrance, powerful and subtle at the same time, feminine, expressive and seductive. Wearable all year round and also for almost any occasion, Or des Iles is in my eyes an olfactory all-rounder that should make many a fragrance lover&#8217;s heart beat faster. \ud83d\ude42<\/p>\n\n<div class=\"wp-block-buttons is-content-justification-center is-layout-flex wp-container-core-buttons-is-layout-16018d1d wp-block-buttons-is-layout-flex\">\n<div class=\"wp-block-button has-custom-width wp-block-button__width-50\"><a class=\"wp-block-button__link has-white-color has-text-color has-background\" href=\"https:\/\/www.ausliebezumduft.de\/cherigan-or-des-iles.html\" style=\"background-color:#0393b4\" target=\"_blank\" rel=\"noreferrer noopener\"><strong>Or des Iles<\/strong><\/a><\/div>\n<\/div>\n","protected":false},"excerpt":{"rendered":"<p>With Edo Park and Or des Iles we continue our series on the fragrance house Cherigan and with these two fragrances we embark on an olfactory journey towards&#8230;<\/p>\n<div class=\"more-link-wrapper\"><a class=\"more-link\" href=\"https:\/\/www.alzd.de\/en\/2022\/10\/18\/edo-park-and-or-des-iles-by-cherigan-japans-gardens-and-the-gold-of-the-islands\/\">WEITERLESEN<span class=\"screen-reader-text\">Edo Park and Or des Iles by Cherigan &#8211; Japan&#8217;s Gardens and the Gold of the Islands<\/span><\/a><\/div>\n","protected":false},"author":535,"featured_media":101441,"comment_status":"open","ping_status":"closed","sticky":false,"template":"","format":"standard","meta":{"footnotes":""},"categories":[1151,1117,1158,1114],"tags":[1737,1556],"class_list":["post-101476","post","type-post","status-publish","format-standard","has-post-thumbnail","hentry","category-flowers","category-fragrances","category-hesperidian","category-woody","tag-cherigan-en","tag-jasmine","excerpt","zoom","full-without-featured","even","excerpt-0"],"yoast_head":"<!-- This site is optimized with the Yoast SEO plugin v27.5 - https:\/\/yoast.com\/product\/yoast-seo-wordpress\/ -->\n<title>Edo Park and Or des Iles by Cherigan - Duft-Tagebuch<\/title>\n<meta name=\"description\" content=\"With Edo Park and Or des Iles we continue our series on the Cherigan fragrance house and with these two fragrances we embark on ...\" \/>\n<meta name=\"robots\" content=\"index, follow, max-snippet:-1, max-image-preview:large, max-video-preview:-1\" \/>\n<link rel=\"canonical\" href=\"https:\/\/www.alzd.de\/en\/2022\/10\/18\/edo-park-and-or-des-iles-by-cherigan-japans-gardens-and-the-gold-of-the-islands\/\" \/>\n<meta property=\"og:locale\" content=\"en_US\" \/>\n<meta property=\"og:type\" content=\"article\" \/>\n<meta property=\"og:title\" content=\"Edo Park and Or des Iles by Cherigan - Duft-Tagebuch\" \/>\n<meta property=\"og:url\" content=\"https:\/\/www.alzd.de\/en\/2022\/10\/18\/edo-park-and-or-des-iles-by-cherigan-japans-gardens-and-the-gold-of-the-islands\/\" \/>\n<meta property=\"og:site_name\" content=\"Das Duft-Tagebuch\" \/>\n<meta property=\"article:publisher\" content=\"https:\/\/www.facebook.com\/dufttagebuch\/\" \/>\n<meta property=\"article:author\" content=\"https:\/\/www.facebook.com\/stephanie.tkaczik\" \/>\n<meta property=\"article:published_time\" content=\"2022-10-18T05:30:00+00:00\" \/>\n<meta property=\"article:modified_time\" content=\"2022-10-18T15:47:12+00:00\" \/>\n<meta property=\"og:image\" content=\"https:\/\/www.alzd.de\/wp-content\/2022\/10\/bb_Bildschirmfoto-vom-2022-10-17-11-17-55.jpg\" \/>\n\t<meta property=\"og:image:width\" content=\"720\" \/>\n\t<meta property=\"og:image:height\" content=\"400\" \/>\n\t<meta property=\"og:image:type\" content=\"image\/jpeg\" \/>\n<meta name=\"author\" content=\"Julia Bir\u00f3\" \/>\n<meta name=\"twitter:card\" content=\"summary_large_image\" \/>\n<meta name=\"twitter:creator\" content=\"@ausliebezumduft\" \/>\n<meta name=\"twitter:site\" content=\"@ausliebezumduft\" \/>\n<script type=\"application\/ld+json\" class=\"yoast-schema-graph\">{\"@context\":\"https:\\\/\\\/schema.org\",\"@graph\":[{\"@type\":\"Article\",\"@id\":\"https:\\\/\\\/www.alzd.de\\\/en\\\/2022\\\/10\\\/18\\\/edo-park-and-or-des-iles-by-cherigan-japans-gardens-and-the-gold-of-the-islands\\\/#article\",\"isPartOf\":{\"@id\":\"https:\\\/\\\/www.alzd.de\\\/en\\\/2022\\\/10\\\/18\\\/edo-park-and-or-des-iles-by-cherigan-japans-gardens-and-the-gold-of-the-islands\\\/\"},\"author\":{\"name\":\"Julia Bir\u00f3\",\"@id\":\"https:\\\/\\\/www.alzd.de\\\/en\\\/#\\\/schema\\\/person\\\/8efcd8f02447fdbe8f29ad465897d04e\"},\"headline\":\"Edo Park and Or des Iles by Cherigan &#8211; Japan&#8217;s Gardens and the Gold of the Islands\",\"datePublished\":\"2022-10-18T05:30:00+00:00\",\"dateModified\":\"2022-10-18T15:47:12+00:00\",\"mainEntityOfPage\":{\"@id\":\"https:\\\/\\\/www.alzd.de\\\/en\\\/2022\\\/10\\\/18\\\/edo-park-and-or-des-iles-by-cherigan-japans-gardens-and-the-gold-of-the-islands\\\/\"},\"wordCount\":826,\"commentCount\":0,\"publisher\":{\"@id\":\"https:\\\/\\\/www.alzd.de\\\/en\\\/#organization\"},\"image\":{\"@id\":\"https:\\\/\\\/www.alzd.de\\\/en\\\/2022\\\/10\\\/18\\\/edo-park-and-or-des-iles-by-cherigan-japans-gardens-and-the-gold-of-the-islands\\\/#primaryimage\"},\"thumbnailUrl\":\"https:\\\/\\\/www.alzd.de\\\/wp-content\\\/2022\\\/10\\\/bb_Bildschirmfoto-vom-2022-10-17-11-17-55.jpg\",\"keywords\":[\"Cherigan\",\"Jasmine\"],\"articleSection\":[\"Flowers\",\"Fragrances\",\"Hesperidian\",\"Woody\"],\"inLanguage\":\"en-US\",\"potentialAction\":[{\"@type\":\"CommentAction\",\"name\":\"Comment\",\"target\":[\"https:\\\/\\\/www.alzd.de\\\/en\\\/2022\\\/10\\\/18\\\/edo-park-and-or-des-iles-by-cherigan-japans-gardens-and-the-gold-of-the-islands\\\/#respond\"]}]},{\"@type\":\"WebPage\",\"@id\":\"https:\\\/\\\/www.alzd.de\\\/en\\\/2022\\\/10\\\/18\\\/edo-park-and-or-des-iles-by-cherigan-japans-gardens-and-the-gold-of-the-islands\\\/\",\"url\":\"https:\\\/\\\/www.alzd.de\\\/en\\\/2022\\\/10\\\/18\\\/edo-park-and-or-des-iles-by-cherigan-japans-gardens-and-the-gold-of-the-islands\\\/\",\"name\":\"Edo Park and Or des Iles by Cherigan - Duft-Tagebuch\",\"isPartOf\":{\"@id\":\"https:\\\/\\\/www.alzd.de\\\/en\\\/#website\"},\"primaryImageOfPage\":{\"@id\":\"https:\\\/\\\/www.alzd.de\\\/en\\\/2022\\\/10\\\/18\\\/edo-park-and-or-des-iles-by-cherigan-japans-gardens-and-the-gold-of-the-islands\\\/#primaryimage\"},\"image\":{\"@id\":\"https:\\\/\\\/www.alzd.de\\\/en\\\/2022\\\/10\\\/18\\\/edo-park-and-or-des-iles-by-cherigan-japans-gardens-and-the-gold-of-the-islands\\\/#primaryimage\"},\"thumbnailUrl\":\"https:\\\/\\\/www.alzd.de\\\/wp-content\\\/2022\\\/10\\\/bb_Bildschirmfoto-vom-2022-10-17-11-17-55.jpg\",\"datePublished\":\"2022-10-18T05:30:00+00:00\",\"dateModified\":\"2022-10-18T15:47:12+00:00\",\"description\":\"With Edo Park and Or des Iles we continue our series on the Cherigan fragrance house and with these two fragrances we embark on ...\",\"breadcrumb\":{\"@id\":\"https:\\\/\\\/www.alzd.de\\\/en\\\/2022\\\/10\\\/18\\\/edo-park-and-or-des-iles-by-cherigan-japans-gardens-and-the-gold-of-the-islands\\\/#breadcrumb\"},\"inLanguage\":\"en-US\",\"potentialAction\":[{\"@type\":\"ReadAction\",\"target\":[\"https:\\\/\\\/www.alzd.de\\\/en\\\/2022\\\/10\\\/18\\\/edo-park-and-or-des-iles-by-cherigan-japans-gardens-and-the-gold-of-the-islands\\\/\"]}]},{\"@type\":\"ImageObject\",\"inLanguage\":\"en-US\",\"@id\":\"https:\\\/\\\/www.alzd.de\\\/en\\\/2022\\\/10\\\/18\\\/edo-park-and-or-des-iles-by-cherigan-japans-gardens-and-the-gold-of-the-islands\\\/#primaryimage\",\"url\":\"https:\\\/\\\/www.alzd.de\\\/wp-content\\\/2022\\\/10\\\/bb_Bildschirmfoto-vom-2022-10-17-11-17-55.jpg\",\"contentUrl\":\"https:\\\/\\\/www.alzd.de\\\/wp-content\\\/2022\\\/10\\\/bb_Bildschirmfoto-vom-2022-10-17-11-17-55.jpg\",\"width\":720,\"height\":400},{\"@type\":\"BreadcrumbList\",\"@id\":\"https:\\\/\\\/www.alzd.de\\\/en\\\/2022\\\/10\\\/18\\\/edo-park-and-or-des-iles-by-cherigan-japans-gardens-and-the-gold-of-the-islands\\\/#breadcrumb\",\"itemListElement\":[{\"@type\":\"ListItem\",\"position\":1,\"name\":\"Startseite\",\"item\":\"https:\\\/\\\/www.alzd.de\\\/en\\\/\"},{\"@type\":\"ListItem\",\"position\":2,\"name\":\"Edo Park and Or des Iles by Cherigan &#8211; Japan&#8217;s Gardens and the Gold of the Islands\"}]},{\"@type\":\"WebSite\",\"@id\":\"https:\\\/\\\/www.alzd.de\\\/en\\\/#website\",\"url\":\"https:\\\/\\\/www.alzd.de\\\/en\\\/\",\"name\":\"Das Duft-Tagebuch\",\"description\":\"Das Parfumblog von Aus Liebe zum Duft\",\"publisher\":{\"@id\":\"https:\\\/\\\/www.alzd.de\\\/en\\\/#organization\"},\"potentialAction\":[{\"@type\":\"SearchAction\",\"target\":{\"@type\":\"EntryPoint\",\"urlTemplate\":\"https:\\\/\\\/www.alzd.de\\\/en\\\/?s={search_term_string}\"},\"query-input\":{\"@type\":\"PropertyValueSpecification\",\"valueRequired\":true,\"valueName\":\"search_term_string\"}}],\"inLanguage\":\"en-US\"},{\"@type\":\"Organization\",\"@id\":\"https:\\\/\\\/www.alzd.de\\\/en\\\/#organization\",\"name\":\"Das Duft-Tagebuch\",\"url\":\"https:\\\/\\\/www.alzd.de\\\/en\\\/\",\"logo\":{\"@type\":\"ImageObject\",\"inLanguage\":\"en-US\",\"@id\":\"https:\\\/\\\/www.alzd.de\\\/en\\\/#\\\/schema\\\/logo\\\/image\\\/\",\"url\":\"https:\\\/\\\/www.alzd.de\\\/wp-content\\\/2023\\\/08\\\/alzd_dufttagebuch.png\",\"contentUrl\":\"https:\\\/\\\/www.alzd.de\\\/wp-content\\\/2023\\\/08\\\/alzd_dufttagebuch.png\",\"width\":1804,\"height\":416,\"caption\":\"Das Duft-Tagebuch\"},\"image\":{\"@id\":\"https:\\\/\\\/www.alzd.de\\\/en\\\/#\\\/schema\\\/logo\\\/image\\\/\"},\"sameAs\":[\"https:\\\/\\\/www.facebook.com\\\/dufttagebuch\\\/\",\"https:\\\/\\\/x.com\\\/ausliebezumduft\",\"https:\\\/\\\/www.instagram.com\\\/ausliebezumduft.de\\\/\",\"https:\\\/\\\/www.youtube.com\\\/c\\\/ausliebezumduft\"]},{\"@type\":\"Person\",\"@id\":\"https:\\\/\\\/www.alzd.de\\\/en\\\/#\\\/schema\\\/person\\\/8efcd8f02447fdbe8f29ad465897d04e\",\"name\":\"Julia Bir\u00f3\",\"image\":{\"@type\":\"ImageObject\",\"inLanguage\":\"en-US\",\"@id\":\"https:\\\/\\\/www.alzd.de\\\/wp-content\\\/2018\\\/02\\\/cropped-cropped-mitarbeiterbilder_steffi--96x96.jpg\",\"url\":\"https:\\\/\\\/www.alzd.de\\\/wp-content\\\/2018\\\/02\\\/cropped-cropped-mitarbeiterbilder_steffi--96x96.jpg\",\"contentUrl\":\"https:\\\/\\\/www.alzd.de\\\/wp-content\\\/2018\\\/02\\\/cropped-cropped-mitarbeiterbilder_steffi--96x96.jpg\",\"caption\":\"Julia Bir\u00f3\"},\"description\":\"Bereits 2010 gingen so einige Blogbeitr\u00e4ge auf mein Konto. Dann war ich \u201ekurz\u201c weg \u2013 sechs Jahre. Umso mehr freut es mich, dass ich nun wieder die Chance bekomme, mein N\u00e4schen im Dienste der Duftrezension schnuppern zu lassen und eifrig in die Tasten zu hauen. Was Nischend\u00fcfte angeht, habe ich damals \u00fcbrigens schnell Feuer gefangen. Meine Ausbildung tat dazu ihr \u00dcbriges: Als diplomierte Biologin kenne ich mich nicht nur mit Fauna und Flora, sondern auch recht gut mit der Herstellung von \u00d6len und Extrakten aus, was den Reiz der Parfumwelt nat\u00fcrlich noch gr\u00f6\u00dfer macht.\",\"sameAs\":[\"https:\\\/\\\/biro.is\\\/\",\"https:\\\/\\\/www.facebook.com\\\/stephanie.tkaczik\"],\"url\":\"https:\\\/\\\/www.alzd.de\\\/en\\\/author\\\/stephanie\\\/\"}]}<\/script>\n<!-- \/ Yoast SEO plugin. -->","yoast_head_json":{"title":"Edo Park and Or des Iles by Cherigan - Duft-Tagebuch","description":"With Edo Park and Or des Iles we continue our series on the Cherigan fragrance house and with these two fragrances we embark on ...","robots":{"index":"index","follow":"follow","max-snippet":"max-snippet:-1","max-image-preview":"max-image-preview:large","max-video-preview":"max-video-preview:-1"},"canonical":"https:\/\/www.alzd.de\/en\/2022\/10\/18\/edo-park-and-or-des-iles-by-cherigan-japans-gardens-and-the-gold-of-the-islands\/","og_locale":"en_US","og_type":"article","og_title":"Edo Park and Or des Iles by Cherigan - Duft-Tagebuch","og_url":"https:\/\/www.alzd.de\/en\/2022\/10\/18\/edo-park-and-or-des-iles-by-cherigan-japans-gardens-and-the-gold-of-the-islands\/","og_site_name":"Das Duft-Tagebuch","article_publisher":"https:\/\/www.facebook.com\/dufttagebuch\/","article_author":"https:\/\/www.facebook.com\/stephanie.tkaczik","article_published_time":"2022-10-18T05:30:00+00:00","article_modified_time":"2022-10-18T15:47:12+00:00","og_image":[{"width":720,"height":400,"url":"https:\/\/www.alzd.de\/wp-content\/2022\/10\/bb_Bildschirmfoto-vom-2022-10-17-11-17-55.jpg","type":"image\/jpeg"}],"author":"Julia Bir\u00f3","twitter_card":"summary_large_image","twitter_creator":"@ausliebezumduft","twitter_site":"@ausliebezumduft","schema":{"@context":"https:\/\/schema.org","@graph":[{"@type":"Article","@id":"https:\/\/www.alzd.de\/en\/2022\/10\/18\/edo-park-and-or-des-iles-by-cherigan-japans-gardens-and-the-gold-of-the-islands\/#article","isPartOf":{"@id":"https:\/\/www.alzd.de\/en\/2022\/10\/18\/edo-park-and-or-des-iles-by-cherigan-japans-gardens-and-the-gold-of-the-islands\/"},"author":{"name":"Julia Bir\u00f3","@id":"https:\/\/www.alzd.de\/en\/#\/schema\/person\/8efcd8f02447fdbe8f29ad465897d04e"},"headline":"Edo Park and Or des Iles by Cherigan &#8211; Japan&#8217;s Gardens and the Gold of the Islands","datePublished":"2022-10-18T05:30:00+00:00","dateModified":"2022-10-18T15:47:12+00:00","mainEntityOfPage":{"@id":"https:\/\/www.alzd.de\/en\/2022\/10\/18\/edo-park-and-or-des-iles-by-cherigan-japans-gardens-and-the-gold-of-the-islands\/"},"wordCount":826,"commentCount":0,"publisher":{"@id":"https:\/\/www.alzd.de\/en\/#organization"},"image":{"@id":"https:\/\/www.alzd.de\/en\/2022\/10\/18\/edo-park-and-or-des-iles-by-cherigan-japans-gardens-and-the-gold-of-the-islands\/#primaryimage"},"thumbnailUrl":"https:\/\/www.alzd.de\/wp-content\/2022\/10\/bb_Bildschirmfoto-vom-2022-10-17-11-17-55.jpg","keywords":["Cherigan","Jasmine"],"articleSection":["Flowers","Fragrances","Hesperidian","Woody"],"inLanguage":"en-US","potentialAction":[{"@type":"CommentAction","name":"Comment","target":["https:\/\/www.alzd.de\/en\/2022\/10\/18\/edo-park-and-or-des-iles-by-cherigan-japans-gardens-and-the-gold-of-the-islands\/#respond"]}]},{"@type":"WebPage","@id":"https:\/\/www.alzd.de\/en\/2022\/10\/18\/edo-park-and-or-des-iles-by-cherigan-japans-gardens-and-the-gold-of-the-islands\/","url":"https:\/\/www.alzd.de\/en\/2022\/10\/18\/edo-park-and-or-des-iles-by-cherigan-japans-gardens-and-the-gold-of-the-islands\/","name":"Edo Park and Or des Iles by Cherigan - Duft-Tagebuch","isPartOf":{"@id":"https:\/\/www.alzd.de\/en\/#website"},"primaryImageOfPage":{"@id":"https:\/\/www.alzd.de\/en\/2022\/10\/18\/edo-park-and-or-des-iles-by-cherigan-japans-gardens-and-the-gold-of-the-islands\/#primaryimage"},"image":{"@id":"https:\/\/www.alzd.de\/en\/2022\/10\/18\/edo-park-and-or-des-iles-by-cherigan-japans-gardens-and-the-gold-of-the-islands\/#primaryimage"},"thumbnailUrl":"https:\/\/www.alzd.de\/wp-content\/2022\/10\/bb_Bildschirmfoto-vom-2022-10-17-11-17-55.jpg","datePublished":"2022-10-18T05:30:00+00:00","dateModified":"2022-10-18T15:47:12+00:00","description":"With Edo Park and Or des Iles we continue our series on the Cherigan fragrance house and with these two fragrances we embark on ...","breadcrumb":{"@id":"https:\/\/www.alzd.de\/en\/2022\/10\/18\/edo-park-and-or-des-iles-by-cherigan-japans-gardens-and-the-gold-of-the-islands\/#breadcrumb"},"inLanguage":"en-US","potentialAction":[{"@type":"ReadAction","target":["https:\/\/www.alzd.de\/en\/2022\/10\/18\/edo-park-and-or-des-iles-by-cherigan-japans-gardens-and-the-gold-of-the-islands\/"]}]},{"@type":"ImageObject","inLanguage":"en-US","@id":"https:\/\/www.alzd.de\/en\/2022\/10\/18\/edo-park-and-or-des-iles-by-cherigan-japans-gardens-and-the-gold-of-the-islands\/#primaryimage","url":"https:\/\/www.alzd.de\/wp-content\/2022\/10\/bb_Bildschirmfoto-vom-2022-10-17-11-17-55.jpg","contentUrl":"https:\/\/www.alzd.de\/wp-content\/2022\/10\/bb_Bildschirmfoto-vom-2022-10-17-11-17-55.jpg","width":720,"height":400},{"@type":"BreadcrumbList","@id":"https:\/\/www.alzd.de\/en\/2022\/10\/18\/edo-park-and-or-des-iles-by-cherigan-japans-gardens-and-the-gold-of-the-islands\/#breadcrumb","itemListElement":[{"@type":"ListItem","position":1,"name":"Startseite","item":"https:\/\/www.alzd.de\/en\/"},{"@type":"ListItem","position":2,"name":"Edo Park and Or des Iles by Cherigan &#8211; Japan&#8217;s Gardens and the Gold of the Islands"}]},{"@type":"WebSite","@id":"https:\/\/www.alzd.de\/en\/#website","url":"https:\/\/www.alzd.de\/en\/","name":"Das Duft-Tagebuch","description":"Das Parfumblog von Aus Liebe zum Duft","publisher":{"@id":"https:\/\/www.alzd.de\/en\/#organization"},"potentialAction":[{"@type":"SearchAction","target":{"@type":"EntryPoint","urlTemplate":"https:\/\/www.alzd.de\/en\/?s={search_term_string}"},"query-input":{"@type":"PropertyValueSpecification","valueRequired":true,"valueName":"search_term_string"}}],"inLanguage":"en-US"},{"@type":"Organization","@id":"https:\/\/www.alzd.de\/en\/#organization","name":"Das Duft-Tagebuch","url":"https:\/\/www.alzd.de\/en\/","logo":{"@type":"ImageObject","inLanguage":"en-US","@id":"https:\/\/www.alzd.de\/en\/#\/schema\/logo\/image\/","url":"https:\/\/www.alzd.de\/wp-content\/2023\/08\/alzd_dufttagebuch.png","contentUrl":"https:\/\/www.alzd.de\/wp-content\/2023\/08\/alzd_dufttagebuch.png","width":1804,"height":416,"caption":"Das Duft-Tagebuch"},"image":{"@id":"https:\/\/www.alzd.de\/en\/#\/schema\/logo\/image\/"},"sameAs":["https:\/\/www.facebook.com\/dufttagebuch\/","https:\/\/x.com\/ausliebezumduft","https:\/\/www.instagram.com\/ausliebezumduft.de\/","https:\/\/www.youtube.com\/c\/ausliebezumduft"]},{"@type":"Person","@id":"https:\/\/www.alzd.de\/en\/#\/schema\/person\/8efcd8f02447fdbe8f29ad465897d04e","name":"Julia Bir\u00f3","image":{"@type":"ImageObject","inLanguage":"en-US","@id":"https:\/\/www.alzd.de\/wp-content\/2018\/02\/cropped-cropped-mitarbeiterbilder_steffi--96x96.jpg","url":"https:\/\/www.alzd.de\/wp-content\/2018\/02\/cropped-cropped-mitarbeiterbilder_steffi--96x96.jpg","contentUrl":"https:\/\/www.alzd.de\/wp-content\/2018\/02\/cropped-cropped-mitarbeiterbilder_steffi--96x96.jpg","caption":"Julia Bir\u00f3"},"description":"Bereits 2010 gingen so einige Blogbeitr\u00e4ge auf mein Konto. Dann war ich \u201ekurz\u201c weg \u2013 sechs Jahre. Umso mehr freut es mich, dass ich nun wieder die Chance bekomme, mein N\u00e4schen im Dienste der Duftrezension schnuppern zu lassen und eifrig in die Tasten zu hauen. Was Nischend\u00fcfte angeht, habe ich damals \u00fcbrigens schnell Feuer gefangen. Meine Ausbildung tat dazu ihr \u00dcbriges: Als diplomierte Biologin kenne ich mich nicht nur mit Fauna und Flora, sondern auch recht gut mit der Herstellung von \u00d6len und Extrakten aus, was den Reiz der Parfumwelt nat\u00fcrlich noch gr\u00f6\u00dfer macht.","sameAs":["https:\/\/biro.is\/","https:\/\/www.facebook.com\/stephanie.tkaczik"],"url":"https:\/\/www.alzd.de\/en\/author\/stephanie\/"}]}},"wp-worthy-pixel":{"ignored":false,"public":null,"server":null,"url":null},"wp-worthy-type":"normal","_links":{"self":[{"href":"https:\/\/www.alzd.de\/en\/wp-json\/wp\/v2\/posts\/101476","targetHints":{"allow":["GET"]}}],"collection":[{"href":"https:\/\/www.alzd.de\/en\/wp-json\/wp\/v2\/posts"}],"about":[{"href":"https:\/\/www.alzd.de\/en\/wp-json\/wp\/v2\/types\/post"}],"author":[{"embeddable":true,"href":"https:\/\/www.alzd.de\/en\/wp-json\/wp\/v2\/users\/535"}],"replies":[{"embeddable":true,"href":"https:\/\/www.alzd.de\/en\/wp-json\/wp\/v2\/comments?post=101476"}],"version-history":[{"count":3,"href":"https:\/\/www.alzd.de\/en\/wp-json\/wp\/v2\/posts\/101476\/revisions"}],"predecessor-version":[{"id":101479,"href":"https:\/\/www.alzd.de\/en\/wp-json\/wp\/v2\/posts\/101476\/revisions\/101479"}],"wp:featuredmedia":[{"embeddable":true,"href":"https:\/\/www.alzd.de\/en\/wp-json\/wp\/v2\/media\/101441"}],"wp:attachment":[{"href":"https:\/\/www.alzd.de\/en\/wp-json\/wp\/v2\/media?parent=101476"}],"wp:term":[{"taxonomy":"category","embeddable":true,"href":"https:\/\/www.alzd.de\/en\/wp-json\/wp\/v2\/categories?post=101476"},{"taxonomy":"post_tag","embeddable":true,"href":"https:\/\/www.alzd.de\/en\/wp-json\/wp\/v2\/tags?post=101476"}],"curies":[{"name":"wp","href":"https:\/\/api.w.org\/{rel}","templated":true}]}}