{"id":100451,"date":"2022-09-01T07:30:00","date_gmt":"2022-09-01T05:30:00","guid":{"rendered":"https:\/\/www.alzd.de\/2022\/09\/01\/damier-and-oud-laque-by-les-bains-guerbois-formes-et-matieres\/"},"modified":"2022-09-01T11:04:45","modified_gmt":"2022-09-01T09:04:45","slug":"damier-and-oud-laque-by-les-bains-guerbois-formes-et-matieres","status":"publish","type":"post","link":"https:\/\/www.alzd.de\/en\/2022\/09\/01\/damier-and-oud-laque-by-les-bains-guerbois-formes-et-matieres\/","title":{"rendered":"Damier and Oud Laqu\u00e9 by Les Bains Guerbois &#8211; Formes et Mati\u00e8res"},"content":{"rendered":"\n<p>To conclude our theme week on the French brand <a href=\"https:\/\/www.ausliebezumduft.de\/duefte\/les-bains-guerbois-1885.html\" target=\"_blank\" rel=\"noreferrer noopener\">Les Bains Guerbois<\/a>, I would like to introduce you today to the two new launches <a href=\"https:\/\/www.ausliebezumduft.de\/les-bains-guerbois-1885-damier.html\" target=\"_blank\" rel=\"noreferrer noopener\">Damier<\/a> and <a href=\"https:\/\/www.ausliebezumduft.de\/les-bains-guerbois-1885-oud-laque.html\" target=\"_blank\" rel=\"noreferrer noopener\">Oud Laqu\u00e9<\/a>, about which fragrance house founder Jean-Pierre Marois has already told us in our interview. I&#8217;ll link you to all three parts of the interview <a href=\"https:\/\/www.alzd.de\/en\/2022\/08\/26\/interview-with-jean-pierre-marois-of-les-bains-guerbois\/\" target=\"_blank\" rel=\"noreferrer noopener\">here<\/a>, <a href=\"https:\/\/www.alzd.de\/en\/2022\/08\/30\/interview-jean-pierre-marois-from-les-bains-guerbois-part-ii\/\" target=\"_blank\" rel=\"noreferrer noopener\">here<\/a> and <a href=\"https:\/\/www.alzd.de\/en\/2022\/08\/31\/part-iii-of-the-interview-with-jean-pierre-marois-of-les-bains-guerbois\/\" target=\"_blank\" rel=\"noreferrer noopener\">here<\/a>.<\/p>\n<div class=\"wp-block-image\">\n<figure class=\"aligncenter size-large\"><img decoding=\"async\" width=\"811\" height=\"1080\" src=\"https:\/\/www.alzd.de\/wp-content\/2022\/08\/DUO-OUD-DAMIER-OK-811x1080.jpg\" alt=\"Les Bains Guerbois - Damier and Oud Laqu&#xE9;\" class=\"wp-image-100333\" title=\"Les Bains Guerbois - Damier and Oud Laqu&#xE9;\" srcset=\"https:\/\/www.alzd.de\/wp-content\/2022\/08\/DUO-OUD-DAMIER-OK-811x1080.jpg 811w, https:\/\/www.alzd.de\/wp-content\/2022\/08\/DUO-OUD-DAMIER-OK-541x720.jpg 541w, https:\/\/www.alzd.de\/wp-content\/2022\/08\/DUO-OUD-DAMIER-OK-270x360.jpg 270w, https:\/\/www.alzd.de\/wp-content\/2022\/08\/DUO-OUD-DAMIER-OK-768x1023.jpg 768w, https:\/\/www.alzd.de\/wp-content\/2022\/08\/DUO-OUD-DAMIER-OK-1153x1536.jpg 1153w, https:\/\/www.alzd.de\/wp-content\/2022\/08\/DUO-OUD-DAMIER-OK-1537x2048.jpg 1537w, https:\/\/www.alzd.de\/wp-content\/2022\/08\/DUO-OUD-DAMIER-OK-263x350.jpg 263w, https:\/\/www.alzd.de\/wp-content\/2022\/08\/DUO-OUD-DAMIER-OK-scaled.jpg 1922w\" sizes=\"(max-width: 811px) 100vw, 811px\" \/><\/figure>\n<\/div>\n<p>As you could already learn, today&#8217;s two fragrances are from a new collection of the brand Les Bains Guerbois, called Formes et Mati\u00e8res. &#8220;Shapes and Materials&#8221; is the English translation, a collection that revolves entirely around the Parisian establishment, which can look back on a history of some 140 years and an eventful past. From the noble spa of intellectuals and artists to the cult nightclub, where stars and starlets came to dance the night away, to the luxury hotel and its associated fragrance brand. Les Bains Guerbois tells a story that fascinates, that captivates, and that really belongs on film.<\/p>\n\n<p>But back to the collection Formes et Mati\u00e8res. This one deals with different fabrics, patterns and materials used in the house, while the first collection Une date, une histoire looks at the temporal component and translates it olfactorically.<\/p>\n\n<h2 class=\"wp-block-heading\">Damier &#8211; dance on the chessboard<\/h2>\n\n<p>The nightclub&#8217;s dance floor &#8211; designed in the late 1970s by none other than today&#8217;s star designer Philippe Starck &#8211; features a black and white checkerboard pattern. This floor has already experienced many a wild party in its life. Numerous celebrities walked around on it, danced and celebrated.<\/p>\n\n<p>To this iconic checkerboard pattern Damier was created as a fragrant monument. Perfumer Fanny Bal was entrusted with the development of the creation, which may well have presented her with a challenge. Because the task was to use only fragrances that evoke black and white associations. And so, in addition to <strong>black pepper<\/strong> and <strong>pink pepper<\/strong>, the composition of Les Bains Guerbois also includes <strong>milk, jasmine, cashmeran, patchouli, cedarwood, sandalwood<\/strong> and <strong>white musk<\/strong>.<\/p>\n<div class=\"wp-block-image\">\n<figure class=\"aligncenter size-large\"><img decoding=\"async\" width=\"1080\" height=\"720\" src=\"https:\/\/www.alzd.de\/wp-content\/2022\/08\/F16-1080x720.jpg\" alt=\"Les Bains Guerbois - Damier\" class=\"wp-image-100345\" title=\"Les Bains Guerbois - Damier\" srcset=\"https:\/\/www.alzd.de\/wp-content\/2022\/08\/F16-1080x720.jpg 1080w, https:\/\/www.alzd.de\/wp-content\/2022\/08\/F16-720x480.jpg 720w, https:\/\/www.alzd.de\/wp-content\/2022\/08\/F16-360x240.jpg 360w, https:\/\/www.alzd.de\/wp-content\/2022\/08\/F16-768x512.jpg 768w, https:\/\/www.alzd.de\/wp-content\/2022\/08\/F16-1536x1024.jpg 1536w, https:\/\/www.alzd.de\/wp-content\/2022\/08\/F16-2048x1365.jpg 2048w, https:\/\/www.alzd.de\/wp-content\/2022\/08\/F16-525x350.jpg 525w\" sizes=\"(max-width: 1080px) 100vw, 1080px\" \/><\/figure>\n<\/div>\n<blockquote class=\"wp-block-quote is-layout-flow wp-block-quote-is-layout-flow\"><p>Move, dance, play, track on the giant chessboard at Les Bains Paris. A mythical place. A hint of perfume. Dance floors. Playgrounds. Treasure hunt. Kinetic impressions. Small tiles, large squares, black and white diagonals.<\/p><\/blockquote>\n\n<h3 class=\"wp-block-heading\">Black and white fragrance<\/h3>\n\n<p>Dry, powdery and tart, Damier starts the fragrance progression with a gentle but typical pepper spiciness that plunges into a sea of the finest milk powder and creamy jasmine. Light and dark meet, creamy and dry, sharp and soft. <\/p>\n\n<p>A fragrance that combines and unites opposites in the most harmonious way. Clouds of cashmeran drift by, underpinned by the soft earthy notes of surprisingly bright patchouli bedded on clean cedarwood and musky powder.<\/p>\n<div class=\"wp-block-image\">\n<figure class=\"aligncenter size-full\"><img decoding=\"async\" width=\"600\" height=\"600\" src=\"https:\/\/www.alzd.de\/wp-content\/2022\/08\/damier.jpg\" alt=\"Les Bains Guerbois - Damier \" class=\"wp-image-100367\" srcset=\"https:\/\/www.alzd.de\/wp-content\/2022\/08\/damier.jpg 600w, https:\/\/www.alzd.de\/wp-content\/2022\/08\/damier-360x360.jpg 360w, https:\/\/www.alzd.de\/wp-content\/2022\/08\/damier-350x350.jpg 350w\" sizes=\"(max-width: 600px) 100vw, 600px\" \/><\/figure>\n<\/div>\n<p>Damier is a creation dedicated to contrasts, light and dark colors and combines them in a beautiful way. Transparent, airy and rather light, the Eau de Parfum presents itself as a well-dosed and finely balanced fragrance companion for almost every occasion and every occasion. Ideal for those who love softly spicy woody scents and are still looking for a unisex creation suitable for everyday life and office.<\/p>\n\n<div class=\"wp-block-buttons is-content-justification-center is-layout-flex wp-container-core-buttons-is-layout-16018d1d wp-block-buttons-is-layout-flex\">\n<div class=\"wp-block-button has-custom-width wp-block-button__width-50\"><a class=\"wp-block-button__link has-white-color has-text-color\" href=\"https:\/\/www.ausliebezumduft.de\/les-bains-guerbois-1885-damier.html\" target=\"_blank\" rel=\"noreferrer noopener\"><strong>Damier<\/strong><\/a><\/div>\n<\/div>\n\n<div style=\"height:100px\" aria-hidden=\"true\" class=\"wp-block-spacer\"><\/div>\n\n<h2 class=\"wp-block-heading\">Oud Laqu\u00e9 &#8211; lacquered wood<\/h2>\n\n<p>Oud Laqu\u00e9, Jean-Pierre Marois told us in an interview, is about lacquered wood, located in the Hotel Les Bains in the center of Paris. The wood is treated in such a way that it looks like mirrored. The guests of the hotel and restaurant are &#8211; according to Marois &#8211; so fascinated by this wood that it was only natural to take it up as a theme for the Formes et Mati\u00e8res collection.<\/p>\n\n<blockquote class=\"wp-block-quote is-layout-flow wp-block-quote-is-layout-flow\"><p>A game with mirrors. Meandering, shimmering, warm, exotic, precious: in Les Bains Paris, our silhouettes are reflected in the intricately lacquered wood. Spaces, like a mythical place. A hint of perfume. Spiritual Potency. Radiant transience. Dark sensuality.<\/p><\/blockquote>\n<div class=\"wp-block-image\">\n<figure class=\"aligncenter size-large\"><img decoding=\"async\" width=\"809\" height=\"1080\" src=\"https:\/\/www.alzd.de\/wp-content\/2022\/09\/BAIN-GUERBOIS-PARFUM-OUD-V2-OK-809x1080.jpg\" alt=\"Les Bains Guerbois - Oud Laqu&#xE9;\" class=\"wp-image-100379\" title=\"Les Bains Guerbois - Oud Laqu&#xE9;\" srcset=\"https:\/\/www.alzd.de\/wp-content\/2022\/09\/BAIN-GUERBOIS-PARFUM-OUD-V2-OK-809x1080.jpg 809w, https:\/\/www.alzd.de\/wp-content\/2022\/09\/BAIN-GUERBOIS-PARFUM-OUD-V2-OK-539x720.jpg 539w, https:\/\/www.alzd.de\/wp-content\/2022\/09\/BAIN-GUERBOIS-PARFUM-OUD-V2-OK-270x360.jpg 270w, https:\/\/www.alzd.de\/wp-content\/2022\/09\/BAIN-GUERBOIS-PARFUM-OUD-V2-OK-768x1025.jpg 768w, https:\/\/www.alzd.de\/wp-content\/2022\/09\/BAIN-GUERBOIS-PARFUM-OUD-V2-OK-1151x1536.jpg 1151w, https:\/\/www.alzd.de\/wp-content\/2022\/09\/BAIN-GUERBOIS-PARFUM-OUD-V2-OK-1535x2048.jpg 1535w, https:\/\/www.alzd.de\/wp-content\/2022\/09\/BAIN-GUERBOIS-PARFUM-OUD-V2-OK-262x350.jpg 262w, https:\/\/www.alzd.de\/wp-content\/2022\/09\/BAIN-GUERBOIS-PARFUM-OUD-V2-OK-scaled.jpg 1918w\" sizes=\"(max-width: 809px) 100vw, 809px\" \/><\/figure>\n<\/div>\n<p>With which fragrance notes does the perfumer Mathieu Nardin implement the wood so specially worked? I&#8217;ll tell you: with <strong>cardamom, dried fruit, geranium, leather, clove, benzoin resin, guaiac wood<\/strong> and <strong>gurjun balsam<\/strong>. Somewhere the eponymous agarwood (oud) will surely hide in it, even if we do not find it listed in the official fragrance notes.<\/p>\n\n<h3 class=\"wp-block-heading\">Beautiful wooden panel<\/h3>\n\n<p>Fruity, leathery and with a subtle cool spiciness, Oud Laqu\u00e9 actually reminds me of something lacquered. Whereas the typical varnish smell that one knows from spray paint, for example, is not to be found in the creation of Les Bains Guerbois, but it is a fragrance that definitely reminds of some form of varnish or polish. <\/p>\n\n<p>Waxy, resinous, and still fine-leathery, with a delicate smokiness underneath and slightly spicy, the wood in Oud Laqu\u00e9 creates a beautiful and warm atmosphere. In the basis, the creation slowly becomes more sweet and gains comfort, before the fragrance finally fades very gradually.<\/p>\n<div class=\"wp-block-image\">\n<figure class=\"aligncenter size-full\"><img decoding=\"async\" width=\"600\" height=\"600\" src=\"https:\/\/www.alzd.de\/wp-content\/2022\/09\/oud-laque.jpg\" alt=\"Les Bains Guerbois - Oud Laqu&#xE9;\" class=\"wp-image-100382\" title=\"Les Bains Guerbois - Oud Laqu&#xE9;\" srcset=\"https:\/\/www.alzd.de\/wp-content\/2022\/09\/oud-laque.jpg 600w, https:\/\/www.alzd.de\/wp-content\/2022\/09\/oud-laque-360x360.jpg 360w, https:\/\/www.alzd.de\/wp-content\/2022\/09\/oud-laque-350x350.jpg 350w\" sizes=\"(max-width: 600px) 100vw, 600px\" \/><\/figure>\n<\/div>\n<p>Oud Laqu\u00e9 by Les Bains Guerbois is a warm, soft and leathery woody fragrance that carries resinous-smoky accents and a certain sweetness. The fragrance fits perfectly in the coming cooler season, I believe. A sample that goes directly into my daily-use box and will certainly be used more often in the coming weeks. Ideal for those who are still looking for a suitable and comforting fragrance for autumn and winter, which has a good presence and durability, but can also be worn at any time in the office and everyday life. My favorite today, although of course I would recommend testing for both creations. \ud83d\ude42<\/p>\n\n<div class=\"wp-block-buttons is-content-justification-center is-layout-flex wp-container-core-buttons-is-layout-16018d1d wp-block-buttons-is-layout-flex\">\n<div class=\"wp-block-button has-custom-width wp-block-button__width-50\"><a class=\"wp-block-button__link has-white-color has-text-color has-background\" href=\"https:\/\/www.ausliebezumduft.de\/les-bains-guerbois-1885-oud-laque.html\" style=\"background-color:#804510\" target=\"_blank\" rel=\"noreferrer noopener\"><strong>Oud Laqu\u00e9<\/strong><\/a><\/div>\n<\/div>\n\n<p><\/p>\n","protected":false},"excerpt":{"rendered":"<p>To conclude our theme week on the French brand Les Bains Guerbois, I would like to introduce you today to the two new launches Damier and Oud Laqu\u00e9,&#8230;<\/p>\n<div class=\"more-link-wrapper\"><a class=\"more-link\" href=\"https:\/\/www.alzd.de\/en\/2022\/09\/01\/damier-and-oud-laque-by-les-bains-guerbois-formes-et-matieres\/\">WEITERLESEN<span class=\"screen-reader-text\">Damier and Oud Laqu\u00e9 by Les Bains Guerbois &#8211; Formes et Mati\u00e8res<\/span><\/a><\/div>\n","protected":false},"author":535,"featured_media":100449,"comment_status":"open","ping_status":"closed","sticky":false,"template":"","format":"standard","meta":{"footnotes":""},"categories":[1149,1161,1117,1115,1113,1114],"tags":[1429,1708,1633],"class_list":["post-100451","post","type-post","status-publish","format-standard","has-post-thumbnail","hentry","category-amber-resins","category-clean-powdery","category-fragrances","category-leather","category-spicy","category-woody","tag-fanny-bal-en","tag-les-bains-guerbois-1885-en","tag-mathieu-nardin-en","excerpt","zoom","full-without-featured","even","excerpt-0"],"yoast_head":"<!-- This site is optimized with the Yoast SEO plugin v27.5 - https:\/\/yoast.com\/product\/yoast-seo-wordpress\/ -->\n<title>Damier and Oud Laqu\u00e9 by Les Bains Guerbois - Duft-Tagebuch<\/title>\n<meta name=\"description\" content=\"To conclude our theme week on the French brand Les Bains Guerbois, today I would like to introduce you to the two new launches Damier and ...\" \/>\n<meta name=\"robots\" content=\"index, follow, max-snippet:-1, max-image-preview:large, max-video-preview:-1\" \/>\n<link rel=\"canonical\" href=\"https:\/\/www.alzd.de\/en\/2022\/09\/01\/damier-and-oud-laque-by-les-bains-guerbois-formes-et-matieres\/\" \/>\n<meta property=\"og:locale\" content=\"en_US\" \/>\n<meta property=\"og:type\" content=\"article\" \/>\n<meta property=\"og:title\" content=\"Damier and Oud Laqu\u00e9 by Les Bains Guerbois - Duft-Tagebuch\" \/>\n<meta property=\"og:url\" content=\"https:\/\/www.alzd.de\/en\/2022\/09\/01\/damier-and-oud-laque-by-les-bains-guerbois-formes-et-matieres\/\" \/>\n<meta property=\"og:site_name\" content=\"Das Duft-Tagebuch\" \/>\n<meta property=\"article:publisher\" content=\"https:\/\/www.facebook.com\/dufttagebuch\/\" \/>\n<meta property=\"article:author\" content=\"https:\/\/www.facebook.com\/stephanie.tkaczik\" \/>\n<meta property=\"article:published_time\" content=\"2022-09-01T05:30:00+00:00\" \/>\n<meta property=\"article:modified_time\" content=\"2022-09-01T09:04:45+00:00\" \/>\n<meta property=\"og:image\" content=\"https:\/\/www.alzd.de\/wp-content\/2022\/09\/bb_BAIN-GUERBOIS-PARFUM-OUD-V2-OK.jpg\" \/>\n\t<meta property=\"og:image:width\" content=\"720\" \/>\n\t<meta property=\"og:image:height\" content=\"400\" \/>\n\t<meta property=\"og:image:type\" content=\"image\/jpeg\" \/>\n<meta name=\"author\" content=\"Julia Bir\u00f3\" \/>\n<meta name=\"twitter:card\" content=\"summary_large_image\" \/>\n<meta name=\"twitter:creator\" content=\"@ausliebezumduft\" \/>\n<meta name=\"twitter:site\" content=\"@ausliebezumduft\" \/>\n<script type=\"application\/ld+json\" class=\"yoast-schema-graph\">{\"@context\":\"https:\\\/\\\/schema.org\",\"@graph\":[{\"@type\":\"Article\",\"@id\":\"https:\\\/\\\/www.alzd.de\\\/en\\\/2022\\\/09\\\/01\\\/damier-and-oud-laque-by-les-bains-guerbois-formes-et-matieres\\\/#article\",\"isPartOf\":{\"@id\":\"https:\\\/\\\/www.alzd.de\\\/en\\\/2022\\\/09\\\/01\\\/damier-and-oud-laque-by-les-bains-guerbois-formes-et-matieres\\\/\"},\"author\":{\"name\":\"Julia Bir\u00f3\",\"@id\":\"https:\\\/\\\/www.alzd.de\\\/en\\\/#\\\/schema\\\/person\\\/8efcd8f02447fdbe8f29ad465897d04e\"},\"headline\":\"Damier and Oud Laqu\u00e9 by Les Bains Guerbois &#8211; Formes et Mati\u00e8res\",\"datePublished\":\"2022-09-01T05:30:00+00:00\",\"dateModified\":\"2022-09-01T09:04:45+00:00\",\"mainEntityOfPage\":{\"@id\":\"https:\\\/\\\/www.alzd.de\\\/en\\\/2022\\\/09\\\/01\\\/damier-and-oud-laque-by-les-bains-guerbois-formes-et-matieres\\\/\"},\"wordCount\":899,\"commentCount\":0,\"publisher\":{\"@id\":\"https:\\\/\\\/www.alzd.de\\\/en\\\/#organization\"},\"image\":{\"@id\":\"https:\\\/\\\/www.alzd.de\\\/en\\\/2022\\\/09\\\/01\\\/damier-and-oud-laque-by-les-bains-guerbois-formes-et-matieres\\\/#primaryimage\"},\"thumbnailUrl\":\"https:\\\/\\\/www.alzd.de\\\/wp-content\\\/2022\\\/09\\\/bb_BAIN-GUERBOIS-PARFUM-OUD-V2-OK.jpg\",\"keywords\":[\"Fanny Bal\",\"Les Bains Guerbois 1885\",\"Mathieu Nardin\"],\"articleSection\":[\"Amber &amp; Resins\",\"Clean &amp; Powdery\",\"Fragrances\",\"Leather\",\"Spicy\",\"Woody\"],\"inLanguage\":\"en-US\",\"potentialAction\":[{\"@type\":\"CommentAction\",\"name\":\"Comment\",\"target\":[\"https:\\\/\\\/www.alzd.de\\\/en\\\/2022\\\/09\\\/01\\\/damier-and-oud-laque-by-les-bains-guerbois-formes-et-matieres\\\/#respond\"]}]},{\"@type\":\"WebPage\",\"@id\":\"https:\\\/\\\/www.alzd.de\\\/en\\\/2022\\\/09\\\/01\\\/damier-and-oud-laque-by-les-bains-guerbois-formes-et-matieres\\\/\",\"url\":\"https:\\\/\\\/www.alzd.de\\\/en\\\/2022\\\/09\\\/01\\\/damier-and-oud-laque-by-les-bains-guerbois-formes-et-matieres\\\/\",\"name\":\"Damier and Oud Laqu\u00e9 by Les Bains Guerbois - Duft-Tagebuch\",\"isPartOf\":{\"@id\":\"https:\\\/\\\/www.alzd.de\\\/en\\\/#website\"},\"primaryImageOfPage\":{\"@id\":\"https:\\\/\\\/www.alzd.de\\\/en\\\/2022\\\/09\\\/01\\\/damier-and-oud-laque-by-les-bains-guerbois-formes-et-matieres\\\/#primaryimage\"},\"image\":{\"@id\":\"https:\\\/\\\/www.alzd.de\\\/en\\\/2022\\\/09\\\/01\\\/damier-and-oud-laque-by-les-bains-guerbois-formes-et-matieres\\\/#primaryimage\"},\"thumbnailUrl\":\"https:\\\/\\\/www.alzd.de\\\/wp-content\\\/2022\\\/09\\\/bb_BAIN-GUERBOIS-PARFUM-OUD-V2-OK.jpg\",\"datePublished\":\"2022-09-01T05:30:00+00:00\",\"dateModified\":\"2022-09-01T09:04:45+00:00\",\"description\":\"To conclude our theme week on the French brand Les Bains Guerbois, today I would like to introduce you to the two new launches Damier and ...\",\"breadcrumb\":{\"@id\":\"https:\\\/\\\/www.alzd.de\\\/en\\\/2022\\\/09\\\/01\\\/damier-and-oud-laque-by-les-bains-guerbois-formes-et-matieres\\\/#breadcrumb\"},\"inLanguage\":\"en-US\",\"potentialAction\":[{\"@type\":\"ReadAction\",\"target\":[\"https:\\\/\\\/www.alzd.de\\\/en\\\/2022\\\/09\\\/01\\\/damier-and-oud-laque-by-les-bains-guerbois-formes-et-matieres\\\/\"]}]},{\"@type\":\"ImageObject\",\"inLanguage\":\"en-US\",\"@id\":\"https:\\\/\\\/www.alzd.de\\\/en\\\/2022\\\/09\\\/01\\\/damier-and-oud-laque-by-les-bains-guerbois-formes-et-matieres\\\/#primaryimage\",\"url\":\"https:\\\/\\\/www.alzd.de\\\/wp-content\\\/2022\\\/09\\\/bb_BAIN-GUERBOIS-PARFUM-OUD-V2-OK.jpg\",\"contentUrl\":\"https:\\\/\\\/www.alzd.de\\\/wp-content\\\/2022\\\/09\\\/bb_BAIN-GUERBOIS-PARFUM-OUD-V2-OK.jpg\",\"width\":720,\"height\":400,\"caption\":\"Stacked from 10 images. Method=C (S=4)\"},{\"@type\":\"BreadcrumbList\",\"@id\":\"https:\\\/\\\/www.alzd.de\\\/en\\\/2022\\\/09\\\/01\\\/damier-and-oud-laque-by-les-bains-guerbois-formes-et-matieres\\\/#breadcrumb\",\"itemListElement\":[{\"@type\":\"ListItem\",\"position\":1,\"name\":\"Startseite\",\"item\":\"https:\\\/\\\/www.alzd.de\\\/en\\\/\"},{\"@type\":\"ListItem\",\"position\":2,\"name\":\"Damier and Oud Laqu\u00e9 by Les Bains Guerbois &#8211; Formes et Mati\u00e8res\"}]},{\"@type\":\"WebSite\",\"@id\":\"https:\\\/\\\/www.alzd.de\\\/en\\\/#website\",\"url\":\"https:\\\/\\\/www.alzd.de\\\/en\\\/\",\"name\":\"Das Duft-Tagebuch\",\"description\":\"Das Parfumblog von Aus Liebe zum Duft\",\"publisher\":{\"@id\":\"https:\\\/\\\/www.alzd.de\\\/en\\\/#organization\"},\"potentialAction\":[{\"@type\":\"SearchAction\",\"target\":{\"@type\":\"EntryPoint\",\"urlTemplate\":\"https:\\\/\\\/www.alzd.de\\\/en\\\/?s={search_term_string}\"},\"query-input\":{\"@type\":\"PropertyValueSpecification\",\"valueRequired\":true,\"valueName\":\"search_term_string\"}}],\"inLanguage\":\"en-US\"},{\"@type\":\"Organization\",\"@id\":\"https:\\\/\\\/www.alzd.de\\\/en\\\/#organization\",\"name\":\"Das Duft-Tagebuch\",\"url\":\"https:\\\/\\\/www.alzd.de\\\/en\\\/\",\"logo\":{\"@type\":\"ImageObject\",\"inLanguage\":\"en-US\",\"@id\":\"https:\\\/\\\/www.alzd.de\\\/en\\\/#\\\/schema\\\/logo\\\/image\\\/\",\"url\":\"https:\\\/\\\/www.alzd.de\\\/wp-content\\\/2023\\\/08\\\/alzd_dufttagebuch.png\",\"contentUrl\":\"https:\\\/\\\/www.alzd.de\\\/wp-content\\\/2023\\\/08\\\/alzd_dufttagebuch.png\",\"width\":1804,\"height\":416,\"caption\":\"Das Duft-Tagebuch\"},\"image\":{\"@id\":\"https:\\\/\\\/www.alzd.de\\\/en\\\/#\\\/schema\\\/logo\\\/image\\\/\"},\"sameAs\":[\"https:\\\/\\\/www.facebook.com\\\/dufttagebuch\\\/\",\"https:\\\/\\\/x.com\\\/ausliebezumduft\",\"https:\\\/\\\/www.instagram.com\\\/ausliebezumduft.de\\\/\",\"https:\\\/\\\/www.youtube.com\\\/c\\\/ausliebezumduft\"]},{\"@type\":\"Person\",\"@id\":\"https:\\\/\\\/www.alzd.de\\\/en\\\/#\\\/schema\\\/person\\\/8efcd8f02447fdbe8f29ad465897d04e\",\"name\":\"Julia Bir\u00f3\",\"image\":{\"@type\":\"ImageObject\",\"inLanguage\":\"en-US\",\"@id\":\"https:\\\/\\\/www.alzd.de\\\/wp-content\\\/2018\\\/02\\\/cropped-cropped-mitarbeiterbilder_steffi--96x96.jpg\",\"url\":\"https:\\\/\\\/www.alzd.de\\\/wp-content\\\/2018\\\/02\\\/cropped-cropped-mitarbeiterbilder_steffi--96x96.jpg\",\"contentUrl\":\"https:\\\/\\\/www.alzd.de\\\/wp-content\\\/2018\\\/02\\\/cropped-cropped-mitarbeiterbilder_steffi--96x96.jpg\",\"caption\":\"Julia Bir\u00f3\"},\"description\":\"Bereits 2010 gingen so einige Blogbeitr\u00e4ge auf mein Konto. Dann war ich \u201ekurz\u201c weg \u2013 sechs Jahre. Umso mehr freut es mich, dass ich nun wieder die Chance bekomme, mein N\u00e4schen im Dienste der Duftrezension schnuppern zu lassen und eifrig in die Tasten zu hauen. Was Nischend\u00fcfte angeht, habe ich damals \u00fcbrigens schnell Feuer gefangen. Meine Ausbildung tat dazu ihr \u00dcbriges: Als diplomierte Biologin kenne ich mich nicht nur mit Fauna und Flora, sondern auch recht gut mit der Herstellung von \u00d6len und Extrakten aus, was den Reiz der Parfumwelt nat\u00fcrlich noch gr\u00f6\u00dfer macht.\",\"sameAs\":[\"https:\\\/\\\/biro.is\\\/\",\"https:\\\/\\\/www.facebook.com\\\/stephanie.tkaczik\"],\"url\":\"https:\\\/\\\/www.alzd.de\\\/en\\\/author\\\/stephanie\\\/\"}]}<\/script>\n<!-- \/ Yoast SEO plugin. -->","yoast_head_json":{"title":"Damier and Oud Laqu\u00e9 by Les Bains Guerbois - Duft-Tagebuch","description":"To conclude our theme week on the French brand Les Bains Guerbois, today I would like to introduce you to the two new launches Damier and ...","robots":{"index":"index","follow":"follow","max-snippet":"max-snippet:-1","max-image-preview":"max-image-preview:large","max-video-preview":"max-video-preview:-1"},"canonical":"https:\/\/www.alzd.de\/en\/2022\/09\/01\/damier-and-oud-laque-by-les-bains-guerbois-formes-et-matieres\/","og_locale":"en_US","og_type":"article","og_title":"Damier and Oud Laqu\u00e9 by Les Bains Guerbois - Duft-Tagebuch","og_url":"https:\/\/www.alzd.de\/en\/2022\/09\/01\/damier-and-oud-laque-by-les-bains-guerbois-formes-et-matieres\/","og_site_name":"Das Duft-Tagebuch","article_publisher":"https:\/\/www.facebook.com\/dufttagebuch\/","article_author":"https:\/\/www.facebook.com\/stephanie.tkaczik","article_published_time":"2022-09-01T05:30:00+00:00","article_modified_time":"2022-09-01T09:04:45+00:00","og_image":[{"width":720,"height":400,"url":"https:\/\/www.alzd.de\/wp-content\/2022\/09\/bb_BAIN-GUERBOIS-PARFUM-OUD-V2-OK.jpg","type":"image\/jpeg"}],"author":"Julia Bir\u00f3","twitter_card":"summary_large_image","twitter_creator":"@ausliebezumduft","twitter_site":"@ausliebezumduft","schema":{"@context":"https:\/\/schema.org","@graph":[{"@type":"Article","@id":"https:\/\/www.alzd.de\/en\/2022\/09\/01\/damier-and-oud-laque-by-les-bains-guerbois-formes-et-matieres\/#article","isPartOf":{"@id":"https:\/\/www.alzd.de\/en\/2022\/09\/01\/damier-and-oud-laque-by-les-bains-guerbois-formes-et-matieres\/"},"author":{"name":"Julia Bir\u00f3","@id":"https:\/\/www.alzd.de\/en\/#\/schema\/person\/8efcd8f02447fdbe8f29ad465897d04e"},"headline":"Damier and Oud Laqu\u00e9 by Les Bains Guerbois &#8211; Formes et Mati\u00e8res","datePublished":"2022-09-01T05:30:00+00:00","dateModified":"2022-09-01T09:04:45+00:00","mainEntityOfPage":{"@id":"https:\/\/www.alzd.de\/en\/2022\/09\/01\/damier-and-oud-laque-by-les-bains-guerbois-formes-et-matieres\/"},"wordCount":899,"commentCount":0,"publisher":{"@id":"https:\/\/www.alzd.de\/en\/#organization"},"image":{"@id":"https:\/\/www.alzd.de\/en\/2022\/09\/01\/damier-and-oud-laque-by-les-bains-guerbois-formes-et-matieres\/#primaryimage"},"thumbnailUrl":"https:\/\/www.alzd.de\/wp-content\/2022\/09\/bb_BAIN-GUERBOIS-PARFUM-OUD-V2-OK.jpg","keywords":["Fanny Bal","Les Bains Guerbois 1885","Mathieu Nardin"],"articleSection":["Amber &amp; Resins","Clean &amp; Powdery","Fragrances","Leather","Spicy","Woody"],"inLanguage":"en-US","potentialAction":[{"@type":"CommentAction","name":"Comment","target":["https:\/\/www.alzd.de\/en\/2022\/09\/01\/damier-and-oud-laque-by-les-bains-guerbois-formes-et-matieres\/#respond"]}]},{"@type":"WebPage","@id":"https:\/\/www.alzd.de\/en\/2022\/09\/01\/damier-and-oud-laque-by-les-bains-guerbois-formes-et-matieres\/","url":"https:\/\/www.alzd.de\/en\/2022\/09\/01\/damier-and-oud-laque-by-les-bains-guerbois-formes-et-matieres\/","name":"Damier and Oud Laqu\u00e9 by Les Bains Guerbois - Duft-Tagebuch","isPartOf":{"@id":"https:\/\/www.alzd.de\/en\/#website"},"primaryImageOfPage":{"@id":"https:\/\/www.alzd.de\/en\/2022\/09\/01\/damier-and-oud-laque-by-les-bains-guerbois-formes-et-matieres\/#primaryimage"},"image":{"@id":"https:\/\/www.alzd.de\/en\/2022\/09\/01\/damier-and-oud-laque-by-les-bains-guerbois-formes-et-matieres\/#primaryimage"},"thumbnailUrl":"https:\/\/www.alzd.de\/wp-content\/2022\/09\/bb_BAIN-GUERBOIS-PARFUM-OUD-V2-OK.jpg","datePublished":"2022-09-01T05:30:00+00:00","dateModified":"2022-09-01T09:04:45+00:00","description":"To conclude our theme week on the French brand Les Bains Guerbois, today I would like to introduce you to the two new launches Damier and ...","breadcrumb":{"@id":"https:\/\/www.alzd.de\/en\/2022\/09\/01\/damier-and-oud-laque-by-les-bains-guerbois-formes-et-matieres\/#breadcrumb"},"inLanguage":"en-US","potentialAction":[{"@type":"ReadAction","target":["https:\/\/www.alzd.de\/en\/2022\/09\/01\/damier-and-oud-laque-by-les-bains-guerbois-formes-et-matieres\/"]}]},{"@type":"ImageObject","inLanguage":"en-US","@id":"https:\/\/www.alzd.de\/en\/2022\/09\/01\/damier-and-oud-laque-by-les-bains-guerbois-formes-et-matieres\/#primaryimage","url":"https:\/\/www.alzd.de\/wp-content\/2022\/09\/bb_BAIN-GUERBOIS-PARFUM-OUD-V2-OK.jpg","contentUrl":"https:\/\/www.alzd.de\/wp-content\/2022\/09\/bb_BAIN-GUERBOIS-PARFUM-OUD-V2-OK.jpg","width":720,"height":400,"caption":"Stacked from 10 images. Method=C (S=4)"},{"@type":"BreadcrumbList","@id":"https:\/\/www.alzd.de\/en\/2022\/09\/01\/damier-and-oud-laque-by-les-bains-guerbois-formes-et-matieres\/#breadcrumb","itemListElement":[{"@type":"ListItem","position":1,"name":"Startseite","item":"https:\/\/www.alzd.de\/en\/"},{"@type":"ListItem","position":2,"name":"Damier and Oud Laqu\u00e9 by Les Bains Guerbois &#8211; Formes et Mati\u00e8res"}]},{"@type":"WebSite","@id":"https:\/\/www.alzd.de\/en\/#website","url":"https:\/\/www.alzd.de\/en\/","name":"Das Duft-Tagebuch","description":"Das Parfumblog von Aus Liebe zum Duft","publisher":{"@id":"https:\/\/www.alzd.de\/en\/#organization"},"potentialAction":[{"@type":"SearchAction","target":{"@type":"EntryPoint","urlTemplate":"https:\/\/www.alzd.de\/en\/?s={search_term_string}"},"query-input":{"@type":"PropertyValueSpecification","valueRequired":true,"valueName":"search_term_string"}}],"inLanguage":"en-US"},{"@type":"Organization","@id":"https:\/\/www.alzd.de\/en\/#organization","name":"Das Duft-Tagebuch","url":"https:\/\/www.alzd.de\/en\/","logo":{"@type":"ImageObject","inLanguage":"en-US","@id":"https:\/\/www.alzd.de\/en\/#\/schema\/logo\/image\/","url":"https:\/\/www.alzd.de\/wp-content\/2023\/08\/alzd_dufttagebuch.png","contentUrl":"https:\/\/www.alzd.de\/wp-content\/2023\/08\/alzd_dufttagebuch.png","width":1804,"height":416,"caption":"Das Duft-Tagebuch"},"image":{"@id":"https:\/\/www.alzd.de\/en\/#\/schema\/logo\/image\/"},"sameAs":["https:\/\/www.facebook.com\/dufttagebuch\/","https:\/\/x.com\/ausliebezumduft","https:\/\/www.instagram.com\/ausliebezumduft.de\/","https:\/\/www.youtube.com\/c\/ausliebezumduft"]},{"@type":"Person","@id":"https:\/\/www.alzd.de\/en\/#\/schema\/person\/8efcd8f02447fdbe8f29ad465897d04e","name":"Julia Bir\u00f3","image":{"@type":"ImageObject","inLanguage":"en-US","@id":"https:\/\/www.alzd.de\/wp-content\/2018\/02\/cropped-cropped-mitarbeiterbilder_steffi--96x96.jpg","url":"https:\/\/www.alzd.de\/wp-content\/2018\/02\/cropped-cropped-mitarbeiterbilder_steffi--96x96.jpg","contentUrl":"https:\/\/www.alzd.de\/wp-content\/2018\/02\/cropped-cropped-mitarbeiterbilder_steffi--96x96.jpg","caption":"Julia Bir\u00f3"},"description":"Bereits 2010 gingen so einige Blogbeitr\u00e4ge auf mein Konto. Dann war ich \u201ekurz\u201c weg \u2013 sechs Jahre. Umso mehr freut es mich, dass ich nun wieder die Chance bekomme, mein N\u00e4schen im Dienste der Duftrezension schnuppern zu lassen und eifrig in die Tasten zu hauen. Was Nischend\u00fcfte angeht, habe ich damals \u00fcbrigens schnell Feuer gefangen. Meine Ausbildung tat dazu ihr \u00dcbriges: Als diplomierte Biologin kenne ich mich nicht nur mit Fauna und Flora, sondern auch recht gut mit der Herstellung von \u00d6len und Extrakten aus, was den Reiz der Parfumwelt nat\u00fcrlich noch gr\u00f6\u00dfer macht.","sameAs":["https:\/\/biro.is\/","https:\/\/www.facebook.com\/stephanie.tkaczik"],"url":"https:\/\/www.alzd.de\/en\/author\/stephanie\/"}]}},"wp-worthy-pixel":{"ignored":false,"public":null,"server":null,"url":null},"wp-worthy-type":"normal","_links":{"self":[{"href":"https:\/\/www.alzd.de\/en\/wp-json\/wp\/v2\/posts\/100451","targetHints":{"allow":["GET"]}}],"collection":[{"href":"https:\/\/www.alzd.de\/en\/wp-json\/wp\/v2\/posts"}],"about":[{"href":"https:\/\/www.alzd.de\/en\/wp-json\/wp\/v2\/types\/post"}],"author":[{"embeddable":true,"href":"https:\/\/www.alzd.de\/en\/wp-json\/wp\/v2\/users\/535"}],"replies":[{"embeddable":true,"href":"https:\/\/www.alzd.de\/en\/wp-json\/wp\/v2\/comments?post=100451"}],"version-history":[{"count":4,"href":"https:\/\/www.alzd.de\/en\/wp-json\/wp\/v2\/posts\/100451\/revisions"}],"predecessor-version":[{"id":100455,"href":"https:\/\/www.alzd.de\/en\/wp-json\/wp\/v2\/posts\/100451\/revisions\/100455"}],"wp:featuredmedia":[{"embeddable":true,"href":"https:\/\/www.alzd.de\/en\/wp-json\/wp\/v2\/media\/100449"}],"wp:attachment":[{"href":"https:\/\/www.alzd.de\/en\/wp-json\/wp\/v2\/media?parent=100451"}],"wp:term":[{"taxonomy":"category","embeddable":true,"href":"https:\/\/www.alzd.de\/en\/wp-json\/wp\/v2\/categories?post=100451"},{"taxonomy":"post_tag","embeddable":true,"href":"https:\/\/www.alzd.de\/en\/wp-json\/wp\/v2\/tags?post=100451"}],"curies":[{"name":"wp","href":"https:\/\/api.w.org\/{rel}","templated":true}]}}