{"id":100355,"date":"2022-08-31T07:30:00","date_gmt":"2022-08-31T05:30:00","guid":{"rendered":"https:\/\/www.alzd.de\/?p=100355"},"modified":"2022-08-30T13:03:54","modified_gmt":"2022-08-30T11:03:54","slug":"part-iii-of-the-interview-with-jean-pierre-marois-of-les-bains-guerbois","status":"publish","type":"post","link":"https:\/\/www.alzd.de\/en\/2022\/08\/31\/part-iii-of-the-interview-with-jean-pierre-marois-of-les-bains-guerbois\/","title":{"rendered":"Part III of the interview with Jean-Pierre Marois of Les Bains Guerbois"},"content":{"rendered":"\n<p>Third and last part of the interview with Jean-Pierre Marois, founder of <a href=\"https:\/\/www.ausliebezumduft.de\/duefte\/les-bains-guerbois-1885.html\" target=\"_blank\" rel=\"noreferrer noopener\">Les Bains Guerbois<\/a>, in which we may devote ourselves to the latest collection of the brand and its new launches. You can read Part I and Part II <a href=\"https:\/\/www.alzd.de\/en\/2022\/08\/26\/interview-with-jean-pierre-marois-of-les-bains-guerbois\/\" target=\"_blank\" rel=\"noreferrer noopener\">here<\/a> and <a href=\"https:\/\/www.alzd.de\/en\/2022\/08\/30\/interview-jean-pierre-marois-from-les-bains-guerbois-part-ii\/\" target=\"_blank\" rel=\"noreferrer noopener\">here<\/a>. Have fun reading!<\/p>\n<div class=\"wp-block-image\">\n<figure class=\"aligncenter size-large\"><img decoding=\"async\" width=\"811\" height=\"1080\" src=\"https:\/\/www.alzd.de\/wp-content\/2022\/08\/DUO-OUD-DAMIER-OK-811x1080.jpg\" alt=\"Les Bains Guerbois - Damier and Oud Laqu&#xE9;\" class=\"wp-image-100333\" title=\"Les Bains Guerbois - Damier and Oud Laqu&#xE9;\" srcset=\"https:\/\/www.alzd.de\/wp-content\/2022\/08\/DUO-OUD-DAMIER-OK-811x1080.jpg 811w, https:\/\/www.alzd.de\/wp-content\/2022\/08\/DUO-OUD-DAMIER-OK-541x720.jpg 541w, https:\/\/www.alzd.de\/wp-content\/2022\/08\/DUO-OUD-DAMIER-OK-270x360.jpg 270w, https:\/\/www.alzd.de\/wp-content\/2022\/08\/DUO-OUD-DAMIER-OK-768x1023.jpg 768w, https:\/\/www.alzd.de\/wp-content\/2022\/08\/DUO-OUD-DAMIER-OK-1153x1536.jpg 1153w, https:\/\/www.alzd.de\/wp-content\/2022\/08\/DUO-OUD-DAMIER-OK-1537x2048.jpg 1537w, https:\/\/www.alzd.de\/wp-content\/2022\/08\/DUO-OUD-DAMIER-OK-263x350.jpg 263w, https:\/\/www.alzd.de\/wp-content\/2022\/08\/DUO-OUD-DAMIER-OK-scaled.jpg 1922w\" sizes=\"(max-width: 811px) 100vw, 811px\" \/><\/figure>\n<\/div>\n<p>Would you like to tell us about your latest collection?<\/p>\n\n<blockquote class=\"wp-block-quote is-layout-flow wp-block-quote-is-layout-flow\"><p>The latest collection is called Formes et Mati\u00e8res, which means &#8220;shapes and materials&#8221;. Our collections are all about the house and its 140th anniversary. There are two ways to enter it. One is through time. Like a time capsule, but I want to emphasize that we are not a vintage brand, because our fragrances are very modern and tap into a kind of Proustian emotions and memories. They are journeys through time, but in a very contemporary way. <\/p><p>For example, we worked with J\u00e9r\u00f4me Epinette, who created <a href=\"https:\/\/www.ausliebezumduft.de\/les-bains-guerbois-1885-1900-l-heure-de-proust.html\" target=\"_blank\" rel=\"noreferrer noopener\">L&#8217;heure de Proust in 1900<\/a> and is a superstar perfumer. His interpretation of 1900 L&#8217;heure de Proust is not a Belle \u00c9poque fragrance, but a very modern one. When we tell the customer that it&#8217;s a fragrance about 1900, about the Belle \u00c9poque in Paris, they have a certain idea, but on the other hand, the fragrance is so modern that they are completely fascinated. The first collection Une date, une histoire is therefore a journey through time with a contemporary touch.<\/p><\/blockquote>\n\n<p>And Formes et Mati\u00e8res?<\/p>\n\n<blockquote class=\"wp-block-quote is-layout-flow wp-block-quote-is-layout-flow\"><p>The second collection is about visiting the same place, which is now a spectacular, beautiful 3,500m<sup>2<\/sup> building and 5-star hotel in the heart of Paris. The visit here is through the fabrics, the patterns and the materials that are there. Some materials are 140 years old, others are 5 years old. Just as some of our fragrances were inspired by music, like <a href=\"https:\/\/www.ausliebezumduft.de\/les-bains-guerbois-1885-1979-new-wave.html\" target=\"_blank\" rel=\"noreferrer noopener\">1979 New Wave<\/a>, or by a cocktail like <a href=\"https:\/\/www.ausliebezumduft.de\/les-bains-guerbois-1885-2018-roxo-tonic.html\" target=\"_blank\" rel=\"noreferrer noopener\">2018 Roxo Tonic<\/a>, which is about our award-winning hotel cocktail bar, Formes et Mati\u00e8res fragrances were inspired by fabrics. Can a pattern or fabric evoke an emotion and be transformed into a scent? That was our challenge.<\/p><\/blockquote>\n<div class=\"wp-block-image\">\n<figure class=\"aligncenter size-large\"><img decoding=\"async\" width=\"1080\" height=\"720\" src=\"https:\/\/www.alzd.de\/wp-content\/2022\/08\/F16-1080x720.jpg\" alt=\"Les Bains Guerbois - Damier\" class=\"wp-image-100345\" title=\"Les Bains Guerbois - Damier\" srcset=\"https:\/\/www.alzd.de\/wp-content\/2022\/08\/F16-1080x720.jpg 1080w, https:\/\/www.alzd.de\/wp-content\/2022\/08\/F16-720x480.jpg 720w, https:\/\/www.alzd.de\/wp-content\/2022\/08\/F16-360x240.jpg 360w, https:\/\/www.alzd.de\/wp-content\/2022\/08\/F16-768x512.jpg 768w, https:\/\/www.alzd.de\/wp-content\/2022\/08\/F16-1536x1024.jpg 1536w, https:\/\/www.alzd.de\/wp-content\/2022\/08\/F16-2048x1365.jpg 2048w, https:\/\/www.alzd.de\/wp-content\/2022\/08\/F16-525x350.jpg 525w\" sizes=\"(max-width: 1080px) 100vw, 1080px\" \/><\/figure>\n<\/div>\n<p>Damier is the name of one of the fragrances &#8230;<\/p>\n\n<blockquote class=\"wp-block-quote is-layout-flow wp-block-quote-is-layout-flow\"><p>Exactly. For <a href=\"https:\/\/www.ausliebezumduft.de\/les-bains-guerbois-1885-damier.html\" target=\"_blank\" rel=\"noreferrer noopener\">Damier<\/a>, for example, we worked with Fanny Bal. When Philippe Starck designed the nightclub, he created a black and white checkered dance floor. It&#8217;s so iconic. Every superstar has stepped onto this dance floor. Just two years ago, Mick Jagger came and danced there until 2 a.m. on that floor, just like 30 years ago at Les Bains Douches. The chessboard is so unique that it is also found on the packaging of the perfumes.<\/p><p>But how do you translate that into a fragrance? I&#8217;ll reveal it: we only used black and white ingredients. When you tell a customer that a master perfumer has captured this legendary floor in this legendary place using only black and white ingredients, you can see the customer&#8217;s face light up, and they become very curious. And then you smell the black pepper, which of course is very fashionable right now. But we were ahead of the times, because the use of black pepper in our fragrance was dictated by the concept and not by the trend. So we were right on target with an incredible scent, with pepper, iris, white flowers and milky tendencies.<\/p><\/blockquote>\n\n<p>And the second creation?<\/p>\n\n<blockquote class=\"wp-block-quote is-layout-flow wp-block-quote-is-layout-flow\"><p>The other one is <a href=\"https:\/\/www.ausliebezumduft.de\/les-bains-guerbois-1885-oud-laque.html\" target=\"_blank\" rel=\"noreferrer noopener\">Oud Laqu\u00e9<\/a>. I hired a well-known interior designer to remodel the hotel, and he&#8217;s now a superstar. His name is Tristan Auer and he has done the private interiors for Mick Jagger or Fran\u00e7ois-Henri Pinault, the owner of Gucci and Saint-Laurent, whose Paris home Auer furnished.<\/p><p>We have used a lot of valuable woods in the hotel, which are lacquered uniquely. It is a layer of varnish that almost turns the wood into a mirror. Everyone who stays at our hotel says, &#8220;Oh my God, this painted wood is incredible!&#8221; So we created an oud fragrance and called it Oud Laqu\u00e9. It was inspired by all the painted wood panels in the hotel. It was Mathieu Nardin who created the fragrance, and he really made a different kind of oud, we think. It is long-lasting and powerful, but much more subtle than what else is on the market.<\/p><\/blockquote>\n<div class=\"wp-block-image\">\n<figure class=\"aligncenter size-large\"><img decoding=\"async\" width=\"809\" height=\"1080\" src=\"https:\/\/www.alzd.de\/wp-content\/2022\/08\/BAIN-GUERBOIS-PARFUM-OUD-V2-OK-809x1080.jpg\" alt=\"Les Bains Guerbois - Oud Laqu&#xE9;\" class=\"wp-image-100348\" title=\"Les Bains Guerbois - Oud Laqu&#xE9;\" srcset=\"https:\/\/www.alzd.de\/wp-content\/2022\/08\/BAIN-GUERBOIS-PARFUM-OUD-V2-OK-809x1080.jpg 809w, https:\/\/www.alzd.de\/wp-content\/2022\/08\/BAIN-GUERBOIS-PARFUM-OUD-V2-OK-539x720.jpg 539w, https:\/\/www.alzd.de\/wp-content\/2022\/08\/BAIN-GUERBOIS-PARFUM-OUD-V2-OK-270x360.jpg 270w, https:\/\/www.alzd.de\/wp-content\/2022\/08\/BAIN-GUERBOIS-PARFUM-OUD-V2-OK-768x1025.jpg 768w, https:\/\/www.alzd.de\/wp-content\/2022\/08\/BAIN-GUERBOIS-PARFUM-OUD-V2-OK-1151x1536.jpg 1151w, https:\/\/www.alzd.de\/wp-content\/2022\/08\/BAIN-GUERBOIS-PARFUM-OUD-V2-OK-1535x2048.jpg 1535w, https:\/\/www.alzd.de\/wp-content\/2022\/08\/BAIN-GUERBOIS-PARFUM-OUD-V2-OK-262x350.jpg 262w, https:\/\/www.alzd.de\/wp-content\/2022\/08\/BAIN-GUERBOIS-PARFUM-OUD-V2-OK-scaled.jpg 1918w\" sizes=\"(max-width: 809px) 100vw, 809px\" \/><\/figure>\n<\/div>\n<p>And soon there will be a third fragrance on the market.<\/p>\n\n<blockquote class=\"wp-block-quote is-layout-flow wp-block-quote-is-layout-flow\"><p>Yes, we are very excited to launch the third fragrance in the collection in October, it&#8217;s called Raku. Raku is a type of pottery made in Japan. If you look at the pictures of Les Bains Douches nightclub and the celebrities, you can see mostly white tiles in the background, bordered with blue ones. We have pictures of David Bowie or Mick Jagger or Karl Lagerfeld in front of these white and blue tiles. And the tiles are always cracked. At that time in France it was very popular to put the tiles in the oven, where they became so hot that they cracked. This gives the tiles a very beautiful and special texture. So we thought that these cracked tiles are very characteristic of the place. <\/p><p>And Tristan Auber said that in Japan there is this technique, which is actually the same, but with much more dramatic result. With cracks in different contrasts. He proposed to design the bar in the nightclub and the tables with these tiles. So he designed the tables and the bar, and we had raku tiles custom made. The scent has to do with that, and you&#8217;ll see it&#8217;s an incredible fig component, kind of milky and soft. I think it will be a great success.<\/p><\/blockquote>\n\n<p>Was there a fragrance that was particularly challenging for you?<\/p>\n\n<blockquote class=\"wp-block-quote is-layout-flow wp-block-quote-is-layout-flow\"><p>The history of the house is so powerful that we can release ten more fragrances, with ten dates and ten incredible stories, and we will. But I was really interested in changing the approach and the point of view, away from the temporal level to the material one. Formes et Mati\u00e8res was a great challenge. The whole concept, the approach. It made sense to me because it is a present experience of now, an experience of the place as it is there now. I thought it was an interesting approach, but it&#8217;s one thing to think about it and another to put it into action. So that was a big challenge, and I was really scared.<\/p><\/blockquote>\n<div class=\"wp-block-image\">\n<figure class=\"aligncenter size-large\"><img decoding=\"async\" width=\"1080\" height=\"720\" src=\"https:\/\/www.alzd.de\/wp-content\/2022\/08\/F7-1080x720.jpg\" alt=\"Les Bains Guerbois - Damier\" class=\"wp-image-100351\" title=\"Les Bains Guerbois - Damier\" srcset=\"https:\/\/www.alzd.de\/wp-content\/2022\/08\/F7-1080x720.jpg 1080w, https:\/\/www.alzd.de\/wp-content\/2022\/08\/F7-720x480.jpg 720w, https:\/\/www.alzd.de\/wp-content\/2022\/08\/F7-360x240.jpg 360w, https:\/\/www.alzd.de\/wp-content\/2022\/08\/F7-768x512.jpg 768w, https:\/\/www.alzd.de\/wp-content\/2022\/08\/F7-1536x1024.jpg 1536w, https:\/\/www.alzd.de\/wp-content\/2022\/08\/F7-525x350.jpg 525w\" sizes=\"(max-width: 1080px) 100vw, 1080px\" \/><\/figure>\n<\/div>\n<p>But it worked.<\/p>\n\n<blockquote class=\"wp-block-quote is-layout-flow wp-block-quote-is-layout-flow\"><p>Yes, we just had to do something with this incredible checkerboard that we have on the boxes and on the logo under Bacchus. It was part of us from the beginning, and I wanted it to be part of our identity. So I said, okay, we need to create a fragrance with this checkerboard pattern, and we created Damier. That was a big challenge, an incredible challenge. When we brainstormed the idea of using only white and black ingredients, I knew right away that was it. Then it became a task for Fanny to combine these fragrances and choose the right ones, since there are only two colors. That was exciting.<\/p><\/blockquote>\n\n<p>Dear Jean-Pierre, thank you very much for taking the time to answer my questions.<\/p>\n\n<div class=\"wp-block-buttons is-content-justification-center is-layout-flex wp-container-core-buttons-is-layout-16018d1d wp-block-buttons-is-layout-flex\">\n<div class=\"wp-block-button has-custom-width wp-block-button__width-50\"><a class=\"wp-block-button__link has-white-color has-text-color\" href=\"https:\/\/www.ausliebezumduft.de\/duefte\/les-bains-guerbois-1885.html\" target=\"_blank\" rel=\"noreferrer noopener\"><strong>Les Bains Guerbois<\/strong><\/a><\/div>\n<\/div>\n","protected":false},"excerpt":{"rendered":"<p>Third and last part of the interview with Jean-Pierre Marois, founder of Les Bains Guerbois, in which we may devote ourselves to the latest collection of the brand&#8230;<\/p>\n<div class=\"more-link-wrapper\"><a class=\"more-link\" href=\"https:\/\/www.alzd.de\/en\/2022\/08\/31\/part-iii-of-the-interview-with-jean-pierre-marois-of-les-bains-guerbois\/\">WEITERLESEN<span class=\"screen-reader-text\">Part III of the interview with Jean-Pierre Marois of Les Bains Guerbois<\/span><\/a><\/div>\n","protected":false},"author":535,"featured_media":100354,"comment_status":"open","ping_status":"closed","sticky":false,"template":"","format":"standard","meta":{"footnotes":""},"categories":[1119,1137,1166],"tags":[1708],"class_list":["post-100355","post","type-post","status-publish","format-standard","has-post-thumbnail","hentry","category-general","category-interview-en","category-useful-information","tag-les-bains-guerbois-1885-en","excerpt","zoom","full-without-featured","even","excerpt-0"],"yoast_head":"<!-- This site is optimized with the Yoast SEO plugin v27.5 - https:\/\/yoast.com\/product\/yoast-seo-wordpress\/ -->\n<title>Interview with Jean-Pierre Marois of Les Bains Guerbois - Part III<\/title>\n<meta name=\"description\" content=\"Part III of the interview with Jean-Pierre Marois, founder of Les Bains Guerbois, in which we look at the latest collection ...\" \/>\n<meta name=\"robots\" content=\"index, follow, max-snippet:-1, max-image-preview:large, max-video-preview:-1\" \/>\n<link rel=\"canonical\" href=\"https:\/\/www.alzd.de\/en\/2022\/08\/31\/part-iii-of-the-interview-with-jean-pierre-marois-of-les-bains-guerbois\/\" \/>\n<meta property=\"og:locale\" content=\"en_US\" \/>\n<meta property=\"og:type\" content=\"article\" \/>\n<meta property=\"og:title\" content=\"Interview with Jean-Pierre Marois of Les Bains Guerbois - Part III\" \/>\n<meta property=\"og:url\" content=\"https:\/\/www.alzd.de\/en\/2022\/08\/31\/part-iii-of-the-interview-with-jean-pierre-marois-of-les-bains-guerbois\/\" \/>\n<meta property=\"og:site_name\" content=\"Das Duft-Tagebuch\" \/>\n<meta property=\"article:publisher\" content=\"https:\/\/www.facebook.com\/dufttagebuch\/\" \/>\n<meta property=\"article:author\" content=\"https:\/\/www.facebook.com\/stephanie.tkaczik\" \/>\n<meta property=\"article:published_time\" content=\"2022-08-31T05:30:00+00:00\" \/>\n<meta property=\"og:image\" content=\"https:\/\/www.alzd.de\/wp-content\/2022\/08\/bb_DUO-OUD-DAMIER-OK.jpg\" \/>\n\t<meta property=\"og:image:width\" content=\"719\" \/>\n\t<meta property=\"og:image:height\" content=\"400\" \/>\n\t<meta property=\"og:image:type\" content=\"image\/jpeg\" \/>\n<meta name=\"author\" content=\"Julia Bir\u00f3\" \/>\n<meta name=\"twitter:card\" content=\"summary_large_image\" \/>\n<meta name=\"twitter:creator\" content=\"@ausliebezumduft\" \/>\n<meta name=\"twitter:site\" content=\"@ausliebezumduft\" \/>\n<script type=\"application\/ld+json\" class=\"yoast-schema-graph\">{\"@context\":\"https:\\\/\\\/schema.org\",\"@graph\":[{\"@type\":\"Article\",\"@id\":\"https:\\\/\\\/www.alzd.de\\\/en\\\/2022\\\/08\\\/31\\\/part-iii-of-the-interview-with-jean-pierre-marois-of-les-bains-guerbois\\\/#article\",\"isPartOf\":{\"@id\":\"https:\\\/\\\/www.alzd.de\\\/en\\\/2022\\\/08\\\/31\\\/part-iii-of-the-interview-with-jean-pierre-marois-of-les-bains-guerbois\\\/\"},\"author\":{\"name\":\"Julia Bir\u00f3\",\"@id\":\"https:\\\/\\\/www.alzd.de\\\/en\\\/#\\\/schema\\\/person\\\/8efcd8f02447fdbe8f29ad465897d04e\"},\"headline\":\"Part III of the interview with Jean-Pierre Marois of Les Bains Guerbois\",\"datePublished\":\"2022-08-31T05:30:00+00:00\",\"mainEntityOfPage\":{\"@id\":\"https:\\\/\\\/www.alzd.de\\\/en\\\/2022\\\/08\\\/31\\\/part-iii-of-the-interview-with-jean-pierre-marois-of-les-bains-guerbois\\\/\"},\"wordCount\":1195,\"commentCount\":0,\"publisher\":{\"@id\":\"https:\\\/\\\/www.alzd.de\\\/en\\\/#organization\"},\"image\":{\"@id\":\"https:\\\/\\\/www.alzd.de\\\/en\\\/2022\\\/08\\\/31\\\/part-iii-of-the-interview-with-jean-pierre-marois-of-les-bains-guerbois\\\/#primaryimage\"},\"thumbnailUrl\":\"https:\\\/\\\/www.alzd.de\\\/wp-content\\\/2022\\\/08\\\/bb_DUO-OUD-DAMIER-OK.jpg\",\"keywords\":[\"Les Bains Guerbois 1885\"],\"articleSection\":[\"General\",\"Interview\",\"Useful Information\"],\"inLanguage\":\"en-US\",\"potentialAction\":[{\"@type\":\"CommentAction\",\"name\":\"Comment\",\"target\":[\"https:\\\/\\\/www.alzd.de\\\/en\\\/2022\\\/08\\\/31\\\/part-iii-of-the-interview-with-jean-pierre-marois-of-les-bains-guerbois\\\/#respond\"]}]},{\"@type\":\"WebPage\",\"@id\":\"https:\\\/\\\/www.alzd.de\\\/en\\\/2022\\\/08\\\/31\\\/part-iii-of-the-interview-with-jean-pierre-marois-of-les-bains-guerbois\\\/\",\"url\":\"https:\\\/\\\/www.alzd.de\\\/en\\\/2022\\\/08\\\/31\\\/part-iii-of-the-interview-with-jean-pierre-marois-of-les-bains-guerbois\\\/\",\"name\":\"Interview with Jean-Pierre Marois of Les Bains Guerbois - Part III\",\"isPartOf\":{\"@id\":\"https:\\\/\\\/www.alzd.de\\\/en\\\/#website\"},\"primaryImageOfPage\":{\"@id\":\"https:\\\/\\\/www.alzd.de\\\/en\\\/2022\\\/08\\\/31\\\/part-iii-of-the-interview-with-jean-pierre-marois-of-les-bains-guerbois\\\/#primaryimage\"},\"image\":{\"@id\":\"https:\\\/\\\/www.alzd.de\\\/en\\\/2022\\\/08\\\/31\\\/part-iii-of-the-interview-with-jean-pierre-marois-of-les-bains-guerbois\\\/#primaryimage\"},\"thumbnailUrl\":\"https:\\\/\\\/www.alzd.de\\\/wp-content\\\/2022\\\/08\\\/bb_DUO-OUD-DAMIER-OK.jpg\",\"datePublished\":\"2022-08-31T05:30:00+00:00\",\"description\":\"Part III of the interview with Jean-Pierre Marois, founder of Les Bains Guerbois, in which we look at the latest collection ...\",\"breadcrumb\":{\"@id\":\"https:\\\/\\\/www.alzd.de\\\/en\\\/2022\\\/08\\\/31\\\/part-iii-of-the-interview-with-jean-pierre-marois-of-les-bains-guerbois\\\/#breadcrumb\"},\"inLanguage\":\"en-US\",\"potentialAction\":[{\"@type\":\"ReadAction\",\"target\":[\"https:\\\/\\\/www.alzd.de\\\/en\\\/2022\\\/08\\\/31\\\/part-iii-of-the-interview-with-jean-pierre-marois-of-les-bains-guerbois\\\/\"]}]},{\"@type\":\"ImageObject\",\"inLanguage\":\"en-US\",\"@id\":\"https:\\\/\\\/www.alzd.de\\\/en\\\/2022\\\/08\\\/31\\\/part-iii-of-the-interview-with-jean-pierre-marois-of-les-bains-guerbois\\\/#primaryimage\",\"url\":\"https:\\\/\\\/www.alzd.de\\\/wp-content\\\/2022\\\/08\\\/bb_DUO-OUD-DAMIER-OK.jpg\",\"contentUrl\":\"https:\\\/\\\/www.alzd.de\\\/wp-content\\\/2022\\\/08\\\/bb_DUO-OUD-DAMIER-OK.jpg\",\"width\":719,\"height\":400,\"caption\":\"Stacked from 6 images. Method=C (S=4)\"},{\"@type\":\"BreadcrumbList\",\"@id\":\"https:\\\/\\\/www.alzd.de\\\/en\\\/2022\\\/08\\\/31\\\/part-iii-of-the-interview-with-jean-pierre-marois-of-les-bains-guerbois\\\/#breadcrumb\",\"itemListElement\":[{\"@type\":\"ListItem\",\"position\":1,\"name\":\"Startseite\",\"item\":\"https:\\\/\\\/www.alzd.de\\\/en\\\/\"},{\"@type\":\"ListItem\",\"position\":2,\"name\":\"Part III of the interview with Jean-Pierre Marois of Les Bains Guerbois\"}]},{\"@type\":\"WebSite\",\"@id\":\"https:\\\/\\\/www.alzd.de\\\/en\\\/#website\",\"url\":\"https:\\\/\\\/www.alzd.de\\\/en\\\/\",\"name\":\"Das Duft-Tagebuch\",\"description\":\"Das Parfumblog von Aus Liebe zum Duft\",\"publisher\":{\"@id\":\"https:\\\/\\\/www.alzd.de\\\/en\\\/#organization\"},\"potentialAction\":[{\"@type\":\"SearchAction\",\"target\":{\"@type\":\"EntryPoint\",\"urlTemplate\":\"https:\\\/\\\/www.alzd.de\\\/en\\\/?s={search_term_string}\"},\"query-input\":{\"@type\":\"PropertyValueSpecification\",\"valueRequired\":true,\"valueName\":\"search_term_string\"}}],\"inLanguage\":\"en-US\"},{\"@type\":\"Organization\",\"@id\":\"https:\\\/\\\/www.alzd.de\\\/en\\\/#organization\",\"name\":\"Das Duft-Tagebuch\",\"url\":\"https:\\\/\\\/www.alzd.de\\\/en\\\/\",\"logo\":{\"@type\":\"ImageObject\",\"inLanguage\":\"en-US\",\"@id\":\"https:\\\/\\\/www.alzd.de\\\/en\\\/#\\\/schema\\\/logo\\\/image\\\/\",\"url\":\"https:\\\/\\\/www.alzd.de\\\/wp-content\\\/2023\\\/08\\\/alzd_dufttagebuch.png\",\"contentUrl\":\"https:\\\/\\\/www.alzd.de\\\/wp-content\\\/2023\\\/08\\\/alzd_dufttagebuch.png\",\"width\":1804,\"height\":416,\"caption\":\"Das Duft-Tagebuch\"},\"image\":{\"@id\":\"https:\\\/\\\/www.alzd.de\\\/en\\\/#\\\/schema\\\/logo\\\/image\\\/\"},\"sameAs\":[\"https:\\\/\\\/www.facebook.com\\\/dufttagebuch\\\/\",\"https:\\\/\\\/x.com\\\/ausliebezumduft\",\"https:\\\/\\\/www.instagram.com\\\/ausliebezumduft.de\\\/\",\"https:\\\/\\\/www.youtube.com\\\/c\\\/ausliebezumduft\"]},{\"@type\":\"Person\",\"@id\":\"https:\\\/\\\/www.alzd.de\\\/en\\\/#\\\/schema\\\/person\\\/8efcd8f02447fdbe8f29ad465897d04e\",\"name\":\"Julia Bir\u00f3\",\"image\":{\"@type\":\"ImageObject\",\"inLanguage\":\"en-US\",\"@id\":\"https:\\\/\\\/www.alzd.de\\\/wp-content\\\/2018\\\/02\\\/cropped-cropped-mitarbeiterbilder_steffi--96x96.jpg\",\"url\":\"https:\\\/\\\/www.alzd.de\\\/wp-content\\\/2018\\\/02\\\/cropped-cropped-mitarbeiterbilder_steffi--96x96.jpg\",\"contentUrl\":\"https:\\\/\\\/www.alzd.de\\\/wp-content\\\/2018\\\/02\\\/cropped-cropped-mitarbeiterbilder_steffi--96x96.jpg\",\"caption\":\"Julia Bir\u00f3\"},\"description\":\"Bereits 2010 gingen so einige Blogbeitr\u00e4ge auf mein Konto. Dann war ich \u201ekurz\u201c weg \u2013 sechs Jahre. Umso mehr freut es mich, dass ich nun wieder die Chance bekomme, mein N\u00e4schen im Dienste der Duftrezension schnuppern zu lassen und eifrig in die Tasten zu hauen. Was Nischend\u00fcfte angeht, habe ich damals \u00fcbrigens schnell Feuer gefangen. Meine Ausbildung tat dazu ihr \u00dcbriges: Als diplomierte Biologin kenne ich mich nicht nur mit Fauna und Flora, sondern auch recht gut mit der Herstellung von \u00d6len und Extrakten aus, was den Reiz der Parfumwelt nat\u00fcrlich noch gr\u00f6\u00dfer macht.\",\"sameAs\":[\"https:\\\/\\\/biro.is\\\/\",\"https:\\\/\\\/www.facebook.com\\\/stephanie.tkaczik\"],\"url\":\"https:\\\/\\\/www.alzd.de\\\/en\\\/author\\\/stephanie\\\/\"}]}<\/script>\n<!-- \/ Yoast SEO plugin. -->","yoast_head_json":{"title":"Interview with Jean-Pierre Marois of Les Bains Guerbois - Part III","description":"Part III of the interview with Jean-Pierre Marois, founder of Les Bains Guerbois, in which we look at the latest collection ...","robots":{"index":"index","follow":"follow","max-snippet":"max-snippet:-1","max-image-preview":"max-image-preview:large","max-video-preview":"max-video-preview:-1"},"canonical":"https:\/\/www.alzd.de\/en\/2022\/08\/31\/part-iii-of-the-interview-with-jean-pierre-marois-of-les-bains-guerbois\/","og_locale":"en_US","og_type":"article","og_title":"Interview with Jean-Pierre Marois of Les Bains Guerbois - Part III","og_url":"https:\/\/www.alzd.de\/en\/2022\/08\/31\/part-iii-of-the-interview-with-jean-pierre-marois-of-les-bains-guerbois\/","og_site_name":"Das Duft-Tagebuch","article_publisher":"https:\/\/www.facebook.com\/dufttagebuch\/","article_author":"https:\/\/www.facebook.com\/stephanie.tkaczik","article_published_time":"2022-08-31T05:30:00+00:00","og_image":[{"width":719,"height":400,"url":"https:\/\/www.alzd.de\/wp-content\/2022\/08\/bb_DUO-OUD-DAMIER-OK.jpg","type":"image\/jpeg"}],"author":"Julia Bir\u00f3","twitter_card":"summary_large_image","twitter_creator":"@ausliebezumduft","twitter_site":"@ausliebezumduft","schema":{"@context":"https:\/\/schema.org","@graph":[{"@type":"Article","@id":"https:\/\/www.alzd.de\/en\/2022\/08\/31\/part-iii-of-the-interview-with-jean-pierre-marois-of-les-bains-guerbois\/#article","isPartOf":{"@id":"https:\/\/www.alzd.de\/en\/2022\/08\/31\/part-iii-of-the-interview-with-jean-pierre-marois-of-les-bains-guerbois\/"},"author":{"name":"Julia Bir\u00f3","@id":"https:\/\/www.alzd.de\/en\/#\/schema\/person\/8efcd8f02447fdbe8f29ad465897d04e"},"headline":"Part III of the interview with Jean-Pierre Marois of Les Bains Guerbois","datePublished":"2022-08-31T05:30:00+00:00","mainEntityOfPage":{"@id":"https:\/\/www.alzd.de\/en\/2022\/08\/31\/part-iii-of-the-interview-with-jean-pierre-marois-of-les-bains-guerbois\/"},"wordCount":1195,"commentCount":0,"publisher":{"@id":"https:\/\/www.alzd.de\/en\/#organization"},"image":{"@id":"https:\/\/www.alzd.de\/en\/2022\/08\/31\/part-iii-of-the-interview-with-jean-pierre-marois-of-les-bains-guerbois\/#primaryimage"},"thumbnailUrl":"https:\/\/www.alzd.de\/wp-content\/2022\/08\/bb_DUO-OUD-DAMIER-OK.jpg","keywords":["Les Bains Guerbois 1885"],"articleSection":["General","Interview","Useful Information"],"inLanguage":"en-US","potentialAction":[{"@type":"CommentAction","name":"Comment","target":["https:\/\/www.alzd.de\/en\/2022\/08\/31\/part-iii-of-the-interview-with-jean-pierre-marois-of-les-bains-guerbois\/#respond"]}]},{"@type":"WebPage","@id":"https:\/\/www.alzd.de\/en\/2022\/08\/31\/part-iii-of-the-interview-with-jean-pierre-marois-of-les-bains-guerbois\/","url":"https:\/\/www.alzd.de\/en\/2022\/08\/31\/part-iii-of-the-interview-with-jean-pierre-marois-of-les-bains-guerbois\/","name":"Interview with Jean-Pierre Marois of Les Bains Guerbois - Part III","isPartOf":{"@id":"https:\/\/www.alzd.de\/en\/#website"},"primaryImageOfPage":{"@id":"https:\/\/www.alzd.de\/en\/2022\/08\/31\/part-iii-of-the-interview-with-jean-pierre-marois-of-les-bains-guerbois\/#primaryimage"},"image":{"@id":"https:\/\/www.alzd.de\/en\/2022\/08\/31\/part-iii-of-the-interview-with-jean-pierre-marois-of-les-bains-guerbois\/#primaryimage"},"thumbnailUrl":"https:\/\/www.alzd.de\/wp-content\/2022\/08\/bb_DUO-OUD-DAMIER-OK.jpg","datePublished":"2022-08-31T05:30:00+00:00","description":"Part III of the interview with Jean-Pierre Marois, founder of Les Bains Guerbois, in which we look at the latest collection ...","breadcrumb":{"@id":"https:\/\/www.alzd.de\/en\/2022\/08\/31\/part-iii-of-the-interview-with-jean-pierre-marois-of-les-bains-guerbois\/#breadcrumb"},"inLanguage":"en-US","potentialAction":[{"@type":"ReadAction","target":["https:\/\/www.alzd.de\/en\/2022\/08\/31\/part-iii-of-the-interview-with-jean-pierre-marois-of-les-bains-guerbois\/"]}]},{"@type":"ImageObject","inLanguage":"en-US","@id":"https:\/\/www.alzd.de\/en\/2022\/08\/31\/part-iii-of-the-interview-with-jean-pierre-marois-of-les-bains-guerbois\/#primaryimage","url":"https:\/\/www.alzd.de\/wp-content\/2022\/08\/bb_DUO-OUD-DAMIER-OK.jpg","contentUrl":"https:\/\/www.alzd.de\/wp-content\/2022\/08\/bb_DUO-OUD-DAMIER-OK.jpg","width":719,"height":400,"caption":"Stacked from 6 images. Method=C (S=4)"},{"@type":"BreadcrumbList","@id":"https:\/\/www.alzd.de\/en\/2022\/08\/31\/part-iii-of-the-interview-with-jean-pierre-marois-of-les-bains-guerbois\/#breadcrumb","itemListElement":[{"@type":"ListItem","position":1,"name":"Startseite","item":"https:\/\/www.alzd.de\/en\/"},{"@type":"ListItem","position":2,"name":"Part III of the interview with Jean-Pierre Marois of Les Bains Guerbois"}]},{"@type":"WebSite","@id":"https:\/\/www.alzd.de\/en\/#website","url":"https:\/\/www.alzd.de\/en\/","name":"Das Duft-Tagebuch","description":"Das Parfumblog von Aus Liebe zum Duft","publisher":{"@id":"https:\/\/www.alzd.de\/en\/#organization"},"potentialAction":[{"@type":"SearchAction","target":{"@type":"EntryPoint","urlTemplate":"https:\/\/www.alzd.de\/en\/?s={search_term_string}"},"query-input":{"@type":"PropertyValueSpecification","valueRequired":true,"valueName":"search_term_string"}}],"inLanguage":"en-US"},{"@type":"Organization","@id":"https:\/\/www.alzd.de\/en\/#organization","name":"Das Duft-Tagebuch","url":"https:\/\/www.alzd.de\/en\/","logo":{"@type":"ImageObject","inLanguage":"en-US","@id":"https:\/\/www.alzd.de\/en\/#\/schema\/logo\/image\/","url":"https:\/\/www.alzd.de\/wp-content\/2023\/08\/alzd_dufttagebuch.png","contentUrl":"https:\/\/www.alzd.de\/wp-content\/2023\/08\/alzd_dufttagebuch.png","width":1804,"height":416,"caption":"Das Duft-Tagebuch"},"image":{"@id":"https:\/\/www.alzd.de\/en\/#\/schema\/logo\/image\/"},"sameAs":["https:\/\/www.facebook.com\/dufttagebuch\/","https:\/\/x.com\/ausliebezumduft","https:\/\/www.instagram.com\/ausliebezumduft.de\/","https:\/\/www.youtube.com\/c\/ausliebezumduft"]},{"@type":"Person","@id":"https:\/\/www.alzd.de\/en\/#\/schema\/person\/8efcd8f02447fdbe8f29ad465897d04e","name":"Julia Bir\u00f3","image":{"@type":"ImageObject","inLanguage":"en-US","@id":"https:\/\/www.alzd.de\/wp-content\/2018\/02\/cropped-cropped-mitarbeiterbilder_steffi--96x96.jpg","url":"https:\/\/www.alzd.de\/wp-content\/2018\/02\/cropped-cropped-mitarbeiterbilder_steffi--96x96.jpg","contentUrl":"https:\/\/www.alzd.de\/wp-content\/2018\/02\/cropped-cropped-mitarbeiterbilder_steffi--96x96.jpg","caption":"Julia Bir\u00f3"},"description":"Bereits 2010 gingen so einige Blogbeitr\u00e4ge auf mein Konto. Dann war ich \u201ekurz\u201c weg \u2013 sechs Jahre. Umso mehr freut es mich, dass ich nun wieder die Chance bekomme, mein N\u00e4schen im Dienste der Duftrezension schnuppern zu lassen und eifrig in die Tasten zu hauen. Was Nischend\u00fcfte angeht, habe ich damals \u00fcbrigens schnell Feuer gefangen. Meine Ausbildung tat dazu ihr \u00dcbriges: Als diplomierte Biologin kenne ich mich nicht nur mit Fauna und Flora, sondern auch recht gut mit der Herstellung von \u00d6len und Extrakten aus, was den Reiz der Parfumwelt nat\u00fcrlich noch gr\u00f6\u00dfer macht.","sameAs":["https:\/\/biro.is\/","https:\/\/www.facebook.com\/stephanie.tkaczik"],"url":"https:\/\/www.alzd.de\/en\/author\/stephanie\/"}]}},"wp-worthy-pixel":{"ignored":false,"public":null,"server":null,"url":null},"wp-worthy-type":"normal","_links":{"self":[{"href":"https:\/\/www.alzd.de\/en\/wp-json\/wp\/v2\/posts\/100355","targetHints":{"allow":["GET"]}}],"collection":[{"href":"https:\/\/www.alzd.de\/en\/wp-json\/wp\/v2\/posts"}],"about":[{"href":"https:\/\/www.alzd.de\/en\/wp-json\/wp\/v2\/types\/post"}],"author":[{"embeddable":true,"href":"https:\/\/www.alzd.de\/en\/wp-json\/wp\/v2\/users\/535"}],"replies":[{"embeddable":true,"href":"https:\/\/www.alzd.de\/en\/wp-json\/wp\/v2\/comments?post=100355"}],"version-history":[{"count":3,"href":"https:\/\/www.alzd.de\/en\/wp-json\/wp\/v2\/posts\/100355\/revisions"}],"predecessor-version":[{"id":100358,"href":"https:\/\/www.alzd.de\/en\/wp-json\/wp\/v2\/posts\/100355\/revisions\/100358"}],"wp:featuredmedia":[{"embeddable":true,"href":"https:\/\/www.alzd.de\/en\/wp-json\/wp\/v2\/media\/100354"}],"wp:attachment":[{"href":"https:\/\/www.alzd.de\/en\/wp-json\/wp\/v2\/media?parent=100355"}],"wp:term":[{"taxonomy":"category","embeddable":true,"href":"https:\/\/www.alzd.de\/en\/wp-json\/wp\/v2\/categories?post=100355"},{"taxonomy":"post_tag","embeddable":true,"href":"https:\/\/www.alzd.de\/en\/wp-json\/wp\/v2\/tags?post=100355"}],"curies":[{"name":"wp","href":"https:\/\/api.w.org\/{rel}","templated":true}]}}