{"id":100326,"date":"2022-08-30T07:30:00","date_gmt":"2022-08-30T05:30:00","guid":{"rendered":"https:\/\/www.alzd.de\/2022\/08\/30\/interview-jean-pierre-marois-from-les-bains-guerbois-part-ii\/"},"modified":"2022-08-30T10:52:09","modified_gmt":"2022-08-30T08:52:09","slug":"interview-jean-pierre-marois-from-les-bains-guerbois-part-ii","status":"publish","type":"post","link":"https:\/\/www.alzd.de\/en\/2022\/08\/30\/interview-jean-pierre-marois-from-les-bains-guerbois-part-ii\/","title":{"rendered":"Interview: Jean-Pierre Marois from Les Bains Guerbois &#8211; Part II"},"content":{"rendered":"\n<p>We continue with the exciting and entertaining interview with Jean-Pierre Marois, founder of <a href=\"https:\/\/www.ausliebezumduft.de\/duefte\/les-bains-guerbois-1885.html\" target=\"_blank\" rel=\"noreferrer noopener\">Les Bains Guerbois<\/a>. On Friday I presented you the first part of our video conversation (you can read it <a href=\"https:\/\/www.alzd.de\/en\/2022\/08\/26\/interview-with-jean-pierre-marois-of-les-bains-guerbois\/\" target=\"_blank\" rel=\"noreferrer noopener\">here<\/a>) and today it&#8217;s part II. Enjoy reading!<\/p>\n<div class=\"wp-block-image\">\n<figure class=\"aligncenter size-large\"><img decoding=\"async\" width=\"1080\" height=\"720\" src=\"https:\/\/www.alzd.de\/wp-content\/2022\/08\/27355737_1709554185772442_1174889222860189158_o-1080x720.jpg\" alt=\"Les Bains Guerbois fragrances\" class=\"wp-image-100305\" title=\"Les Bains Guerbois fragrances\" srcset=\"https:\/\/www.alzd.de\/wp-content\/2022\/08\/27355737_1709554185772442_1174889222860189158_o-1080x720.jpg 1080w, https:\/\/www.alzd.de\/wp-content\/2022\/08\/27355737_1709554185772442_1174889222860189158_o-720x480.jpg 720w, https:\/\/www.alzd.de\/wp-content\/2022\/08\/27355737_1709554185772442_1174889222860189158_o-360x240.jpg 360w, https:\/\/www.alzd.de\/wp-content\/2022\/08\/27355737_1709554185772442_1174889222860189158_o-768x512.jpg 768w, https:\/\/www.alzd.de\/wp-content\/2022\/08\/27355737_1709554185772442_1174889222860189158_o-1536x1024.jpg 1536w, https:\/\/www.alzd.de\/wp-content\/2022\/08\/27355737_1709554185772442_1174889222860189158_o-525x350.jpg 525w, https:\/\/www.alzd.de\/wp-content\/2022\/08\/27355737_1709554185772442_1174889222860189158_o.jpg 2048w\" sizes=\"(max-width: 1080px) 100vw, 1080px\" \/><figcaption>Image from <a href=\"https:\/\/www.facebook.com\/lesbainsguerbois\/\" target=\"_blank\" rel=\"noreferrer noopener\">Facebook<\/a><\/figcaption><\/figure>\n<\/div>\n<p>How have your new fragrances been received in the perfume world?<\/p>\n\n<blockquote class=\"wp-block-quote is-layout-flow wp-block-quote-is-layout-flow\"><p>The amazing thing is that in the very first year we launched our fragrances, we won the FiFi Award for the best fragrance by an independent brand in Paris. As a newcomer to this industry &#8211; I originally come from the film industry &#8211; the name <em>FiFi<\/em> alone sounded funny to me and I didn&#8217;t take this nomination seriously at first. Then I went to the awards ceremony, and when I arrived, it was in a big theater. You met the CEO of Guerlain and many other CEOs, and I realized: Oh my God, this is serious business. And then we actually won. That was pretty amazing for a new brand with its first collection. I don&#8217;t think that&#8217;s ever happened before. It was a great start.<\/p><\/blockquote>\n\n<p>And what happened next?<\/p>\n\n<blockquote class=\"wp-block-quote is-layout-flow wp-block-quote-is-layout-flow\"><p>So now there is this collection called Une date, une histoire, in which we have nine fragrances. The concept is always the same. We select a year with a strong story that is part of the history of Les Bains Guerbois. So you already know the first three fragrances, and all the others were launched in the last four or five years. So we were pretty fast and lucky to work with great perfumers. The 2015 FiFi Award winner, for example, was created by Michel Almairac. We created the two fragrances <a href=\"https:\/\/www.ausliebezumduft.de\/les-bains-guerbois-1885-1979-new-wave.html\" target=\"_blank\" rel=\"noreferrer noopener\">1979 New Wave<\/a> and <a href=\"https:\/\/www.ausliebezumduft.de\/les-bains-guerbois-1885-1992-purple-night.html\" target=\"_blank\" rel=\"noreferrer noopener\">1992 Purple Night<\/a> with Dominique Ropion. Both are music scents, but we also have literary scents like 1900 L&#8217;heure de Proust. It&#8217;s really about a mix of all the mediums of art in one bottle. That&#8217;s how we see it.<\/p><\/blockquote>\n\n<p>How do you develop the fragrances?<\/p>\n\n<blockquote class=\"wp-block-quote is-layout-flow wp-block-quote-is-layout-flow\"><p>The way I go about it is &#8211; since I actually come from the film industry &#8211; I write a pitch that tells the story we want to capture in a nutshell. For example, the Les Bains Douches club was very active in terms of concerts in 1979, and it was the year that the New Wave movement came out of the UK, with bands like Simple Minds, Depeche Mode and Joy Divison, which became New Order later. <\/p><p>It was kind of a post-punk era, and the music was kind of robotic and very electric and kind of dry and cold. So in my pitch I described the type of music and the emotion, and Dominique Ropion chose something very cold, because New Wave was called Cold Wave by some rock critics because it was so different from the earlier hippie and disco music and style.<\/p><\/blockquote>\n<div class=\"wp-block-image\">\n<figure class=\"aligncenter size-large\"><img decoding=\"async\" width=\"720\" height=\"1080\" src=\"https:\/\/www.alzd.de\/wp-content\/2022\/08\/ok-New-Wave-_1-720x1080.jpg\" alt=\"Les Bains Guerbois - 1979 New Wave\" class=\"wp-image-100313\" title=\"Les Bains Guerbois - 1979 New Wave\" srcset=\"https:\/\/www.alzd.de\/wp-content\/2022\/08\/ok-New-Wave-_1-720x1080.jpg 720w, https:\/\/www.alzd.de\/wp-content\/2022\/08\/ok-New-Wave-_1-480x720.jpg 480w, https:\/\/www.alzd.de\/wp-content\/2022\/08\/ok-New-Wave-_1-240x360.jpg 240w, https:\/\/www.alzd.de\/wp-content\/2022\/08\/ok-New-Wave-_1-768x1152.jpg 768w, https:\/\/www.alzd.de\/wp-content\/2022\/08\/ok-New-Wave-_1-1024x1536.jpg 1024w, https:\/\/www.alzd.de\/wp-content\/2022\/08\/ok-New-Wave-_1-1365x2048.jpg 1365w, https:\/\/www.alzd.de\/wp-content\/2022\/08\/ok-New-Wave-_1-233x350.jpg 233w, https:\/\/www.alzd.de\/wp-content\/2022\/08\/ok-New-Wave-_1-scaled.jpg 1707w\" sizes=\"(max-width: 720px) 100vw, 720px\" \/><\/figure>\n<\/div>\n<p>Cool fragrance notes so &#8230;<\/p>\n\n<blockquote class=\"wp-block-quote is-layout-flow wp-block-quote-is-layout-flow\"><p>Yes, he worked with peppermint and mint, something that scares perfumers a lot, because it is very difficult to work with, as it quickly smells too strong. It is a territory where many perfumers are not comfortable, as it is not easy to keep creations with these fragrance notes new and subtle, yet powerful. Dominique Ropion has done an incredible job, and it&#8217;s one of our best sellers. It is one of the most fascinating fragrances and unique compared to what is on the market. The scent progression is amazing, as it starts out very fresh and green and transitions into something very spicy and woody. Mysterious, almost mystical, with incense, iris and sandalwood in the base. It is a fragrance that both men and women can wear. I love wearing it in the summer. <br \/>And the experience that the customer has personally is also amazing, because the mint continues to evolve and surprise. What people get is this mix of something unusually spicy and fresh. This is great, and we are very proud of this fragrance.<\/p><\/blockquote>\n\n<p>But you have developed another fragrance with Dominique Ropion &#8230;<\/p>\n\n<blockquote class=\"wp-block-quote is-layout-flow wp-block-quote-is-layout-flow\"><p>Exactly. The other fragrance we created with Dominique Ropion is also about music. In 1992, the singer Prince was at the height of his career and he loved Les Bains Douches, where he was regularly and very often for dinner. And one week in 1992, he played to a packed house at a sold-out stadium, the largest in Paris. And he told the management of Les Bains Douches that he would like to have dinner there every night after his concert and asked to reserve a table for him. But he also wanted to play at Les Bains on one of those nights, just for fun, and give a concert there after dinner. <\/p><p>So he asked that the management of Les Bains Douches, put a drum kit, electric guitar, microphones, etc. on the stage of the nightclub. He didn&#8217;t guarantee it, but said if they put it up there, he might be able to play one of the evenings. And that&#8217;s exactly what he did. He first played in front of 40,000 people in the stadium, with high ticket prices. Then he came to Les Bains for dinner and after that he went to the club at 1:30 in the morning and played for 2.5 hours, for free, for fun, in front of 300 people who were all stunned. And that&#8217;s what the Purple Night 1992 fragrance is all about.<\/p><\/blockquote>\n<div class=\"wp-block-image\">\n<figure class=\"aligncenter size-large\"><img decoding=\"async\" width=\"723\" height=\"1080\" src=\"https:\/\/www.alzd.de\/wp-content\/2022\/08\/ok_Purple-_WEB-723x1080.jpg\" alt=\"Les Bains Guerbois - 1992 Purple Night\" class=\"wp-image-100310\" title=\"Les Bains Guerbois - 1992 Purple Night\" srcset=\"https:\/\/www.alzd.de\/wp-content\/2022\/08\/ok_Purple-_WEB-723x1080.jpg 723w, https:\/\/www.alzd.de\/wp-content\/2022\/08\/ok_Purple-_WEB-482x720.jpg 482w, https:\/\/www.alzd.de\/wp-content\/2022\/08\/ok_Purple-_WEB-241x360.jpg 241w, https:\/\/www.alzd.de\/wp-content\/2022\/08\/ok_Purple-_WEB-768x1148.jpg 768w, https:\/\/www.alzd.de\/wp-content\/2022\/08\/ok_Purple-_WEB-1028x1536.jpg 1028w, https:\/\/www.alzd.de\/wp-content\/2022\/08\/ok_Purple-_WEB-1370x2048.jpg 1370w, https:\/\/www.alzd.de\/wp-content\/2022\/08\/ok_Purple-_WEB-234x350.jpg 234w, https:\/\/www.alzd.de\/wp-content\/2022\/08\/ok_Purple-_WEB-scaled.jpg 1713w\" sizes=\"(max-width: 723px) 100vw, 723px\" \/><\/figure>\n<\/div>\n<blockquote class=\"wp-block-quote is-layout-flow wp-block-quote-is-layout-flow\"><p>The idea was to capture the personality of an outstanding artist who was full of contrasts and contradictions. He was a guy who looked very frail and tiny, but when he was on stage he was a beast. He was very androgynous, a cross-dresser long before this became something common, wore skirts, high heels and lace, so very androgynous, almost feminine, and yet he was a great womanizer. One of the reasons he went to Les Bains Douches every night was because there were the most beautiful women in Paris. <\/p><p>He was very intriguing for Dominique Ropion, and so he created this fragrance, which is extremely powerful and also one of our bestsellers. He managed to capture this androgyny, this power and abundance, and it is a unique interpretation of a tuberose fragrance. And as with 90 percent of our fragrances, the base notes are woody, spicy, with incense and sandalwood and papyrus.<\/p><\/blockquote>\n\n<p>To be continued &#8230;<\/p>\n","protected":false},"excerpt":{"rendered":"<p>We continue with the exciting and entertaining interview with Jean-Pierre Marois, founder of Les Bains Guerbois. On Friday I presented you the first part of our video conversation&#8230;<\/p>\n<div class=\"more-link-wrapper\"><a class=\"more-link\" href=\"https:\/\/www.alzd.de\/en\/2022\/08\/30\/interview-jean-pierre-marois-from-les-bains-guerbois-part-ii\/\">WEITERLESEN<span class=\"screen-reader-text\">Interview: Jean-Pierre Marois from Les Bains Guerbois &#8211; Part II<\/span><\/a><\/div>\n","protected":false},"author":535,"featured_media":100373,"comment_status":"open","ping_status":"closed","sticky":false,"template":"","format":"standard","meta":{"footnotes":""},"categories":[1119,1137,1166],"tags":[1532,1708],"class_list":["post-100326","post","type-post","status-publish","format-standard","has-post-thumbnail","hentry","category-general","category-interview-en","category-useful-information","tag-interviews-en","tag-les-bains-guerbois-1885-en","excerpt","zoom","full-without-featured","even","excerpt-0"],"yoast_head":"<!-- This site is optimized with the Yoast SEO plugin v27.5 - https:\/\/yoast.com\/product\/yoast-seo-wordpress\/ -->\n<title>Interview: Jean-Pierre Marois of Les Bains Guerbois - Part II<\/title>\n<meta name=\"description\" content=\"On Friday I presented you the first part of our video conversation (you can read it here) and today it&#039;s part II.\" \/>\n<meta name=\"robots\" content=\"index, follow, max-snippet:-1, max-image-preview:large, max-video-preview:-1\" \/>\n<link rel=\"canonical\" href=\"https:\/\/www.alzd.de\/en\/2022\/08\/30\/interview-jean-pierre-marois-from-les-bains-guerbois-part-ii\/\" \/>\n<meta property=\"og:locale\" content=\"en_US\" \/>\n<meta property=\"og:type\" content=\"article\" \/>\n<meta property=\"og:title\" content=\"Interview: Jean-Pierre Marois of Les Bains Guerbois - Part II\" \/>\n<meta property=\"og:url\" content=\"https:\/\/www.alzd.de\/en\/2022\/08\/30\/interview-jean-pierre-marois-from-les-bains-guerbois-part-ii\/\" \/>\n<meta property=\"og:site_name\" content=\"Das Duft-Tagebuch\" \/>\n<meta property=\"article:publisher\" content=\"https:\/\/www.facebook.com\/dufttagebuch\/\" \/>\n<meta property=\"article:author\" content=\"https:\/\/www.facebook.com\/stephanie.tkaczik\" \/>\n<meta property=\"article:published_time\" content=\"2022-08-30T05:30:00+00:00\" \/>\n<meta property=\"article:modified_time\" content=\"2022-08-30T08:52:09+00:00\" \/>\n<meta property=\"og:image\" content=\"https:\/\/www.alzd.de\/wp-content\/2022\/08\/bb_27355737_1709554185772442_1174889222860189158_o.jpg\" \/>\n\t<meta property=\"og:image:width\" content=\"720\" \/>\n\t<meta property=\"og:image:height\" content=\"400\" \/>\n\t<meta property=\"og:image:type\" content=\"image\/jpeg\" \/>\n<meta name=\"author\" content=\"Julia Bir\u00f3\" \/>\n<meta name=\"twitter:card\" content=\"summary_large_image\" \/>\n<meta name=\"twitter:creator\" content=\"@ausliebezumduft\" \/>\n<meta name=\"twitter:site\" content=\"@ausliebezumduft\" \/>\n<script type=\"application\/ld+json\" class=\"yoast-schema-graph\">{\"@context\":\"https:\\\/\\\/schema.org\",\"@graph\":[{\"@type\":\"Article\",\"@id\":\"https:\\\/\\\/www.alzd.de\\\/en\\\/2022\\\/08\\\/30\\\/interview-jean-pierre-marois-from-les-bains-guerbois-part-ii\\\/#article\",\"isPartOf\":{\"@id\":\"https:\\\/\\\/www.alzd.de\\\/en\\\/2022\\\/08\\\/30\\\/interview-jean-pierre-marois-from-les-bains-guerbois-part-ii\\\/\"},\"author\":{\"name\":\"Julia Bir\u00f3\",\"@id\":\"https:\\\/\\\/www.alzd.de\\\/en\\\/#\\\/schema\\\/person\\\/8efcd8f02447fdbe8f29ad465897d04e\"},\"headline\":\"Interview: Jean-Pierre Marois from Les Bains Guerbois &#8211; Part II\",\"datePublished\":\"2022-08-30T05:30:00+00:00\",\"dateModified\":\"2022-08-30T08:52:09+00:00\",\"mainEntityOfPage\":{\"@id\":\"https:\\\/\\\/www.alzd.de\\\/en\\\/2022\\\/08\\\/30\\\/interview-jean-pierre-marois-from-les-bains-guerbois-part-ii\\\/\"},\"wordCount\":1056,\"commentCount\":0,\"publisher\":{\"@id\":\"https:\\\/\\\/www.alzd.de\\\/en\\\/#organization\"},\"image\":{\"@id\":\"https:\\\/\\\/www.alzd.de\\\/en\\\/2022\\\/08\\\/30\\\/interview-jean-pierre-marois-from-les-bains-guerbois-part-ii\\\/#primaryimage\"},\"thumbnailUrl\":\"https:\\\/\\\/www.alzd.de\\\/wp-content\\\/2022\\\/08\\\/bb_2Q5A1910.jpg\",\"keywords\":[\"Interviews\",\"Les Bains Guerbois 1885\"],\"articleSection\":[\"General\",\"Interview\",\"Useful Information\"],\"inLanguage\":\"en-US\",\"potentialAction\":[{\"@type\":\"CommentAction\",\"name\":\"Comment\",\"target\":[\"https:\\\/\\\/www.alzd.de\\\/en\\\/2022\\\/08\\\/30\\\/interview-jean-pierre-marois-from-les-bains-guerbois-part-ii\\\/#respond\"]}]},{\"@type\":\"WebPage\",\"@id\":\"https:\\\/\\\/www.alzd.de\\\/en\\\/2022\\\/08\\\/30\\\/interview-jean-pierre-marois-from-les-bains-guerbois-part-ii\\\/\",\"url\":\"https:\\\/\\\/www.alzd.de\\\/en\\\/2022\\\/08\\\/30\\\/interview-jean-pierre-marois-from-les-bains-guerbois-part-ii\\\/\",\"name\":\"Interview: Jean-Pierre Marois of Les Bains Guerbois - Part II\",\"isPartOf\":{\"@id\":\"https:\\\/\\\/www.alzd.de\\\/en\\\/#website\"},\"primaryImageOfPage\":{\"@id\":\"https:\\\/\\\/www.alzd.de\\\/en\\\/2022\\\/08\\\/30\\\/interview-jean-pierre-marois-from-les-bains-guerbois-part-ii\\\/#primaryimage\"},\"image\":{\"@id\":\"https:\\\/\\\/www.alzd.de\\\/en\\\/2022\\\/08\\\/30\\\/interview-jean-pierre-marois-from-les-bains-guerbois-part-ii\\\/#primaryimage\"},\"thumbnailUrl\":\"https:\\\/\\\/www.alzd.de\\\/wp-content\\\/2022\\\/08\\\/bb_2Q5A1910.jpg\",\"datePublished\":\"2022-08-30T05:30:00+00:00\",\"dateModified\":\"2022-08-30T08:52:09+00:00\",\"description\":\"On Friday I presented you the first part of our video conversation (you can read it here) and today it's part II.\",\"breadcrumb\":{\"@id\":\"https:\\\/\\\/www.alzd.de\\\/en\\\/2022\\\/08\\\/30\\\/interview-jean-pierre-marois-from-les-bains-guerbois-part-ii\\\/#breadcrumb\"},\"inLanguage\":\"en-US\",\"potentialAction\":[{\"@type\":\"ReadAction\",\"target\":[\"https:\\\/\\\/www.alzd.de\\\/en\\\/2022\\\/08\\\/30\\\/interview-jean-pierre-marois-from-les-bains-guerbois-part-ii\\\/\"]}]},{\"@type\":\"ImageObject\",\"inLanguage\":\"en-US\",\"@id\":\"https:\\\/\\\/www.alzd.de\\\/en\\\/2022\\\/08\\\/30\\\/interview-jean-pierre-marois-from-les-bains-guerbois-part-ii\\\/#primaryimage\",\"url\":\"https:\\\/\\\/www.alzd.de\\\/wp-content\\\/2022\\\/08\\\/bb_2Q5A1910.jpg\",\"contentUrl\":\"https:\\\/\\\/www.alzd.de\\\/wp-content\\\/2022\\\/08\\\/bb_2Q5A1910.jpg\",\"width\":720,\"height\":400},{\"@type\":\"BreadcrumbList\",\"@id\":\"https:\\\/\\\/www.alzd.de\\\/en\\\/2022\\\/08\\\/30\\\/interview-jean-pierre-marois-from-les-bains-guerbois-part-ii\\\/#breadcrumb\",\"itemListElement\":[{\"@type\":\"ListItem\",\"position\":1,\"name\":\"Startseite\",\"item\":\"https:\\\/\\\/www.alzd.de\\\/en\\\/\"},{\"@type\":\"ListItem\",\"position\":2,\"name\":\"Interview: Jean-Pierre Marois from Les Bains Guerbois &#8211; Part II\"}]},{\"@type\":\"WebSite\",\"@id\":\"https:\\\/\\\/www.alzd.de\\\/en\\\/#website\",\"url\":\"https:\\\/\\\/www.alzd.de\\\/en\\\/\",\"name\":\"Das Duft-Tagebuch\",\"description\":\"Das Parfumblog von Aus Liebe zum Duft\",\"publisher\":{\"@id\":\"https:\\\/\\\/www.alzd.de\\\/en\\\/#organization\"},\"potentialAction\":[{\"@type\":\"SearchAction\",\"target\":{\"@type\":\"EntryPoint\",\"urlTemplate\":\"https:\\\/\\\/www.alzd.de\\\/en\\\/?s={search_term_string}\"},\"query-input\":{\"@type\":\"PropertyValueSpecification\",\"valueRequired\":true,\"valueName\":\"search_term_string\"}}],\"inLanguage\":\"en-US\"},{\"@type\":\"Organization\",\"@id\":\"https:\\\/\\\/www.alzd.de\\\/en\\\/#organization\",\"name\":\"Das Duft-Tagebuch\",\"url\":\"https:\\\/\\\/www.alzd.de\\\/en\\\/\",\"logo\":{\"@type\":\"ImageObject\",\"inLanguage\":\"en-US\",\"@id\":\"https:\\\/\\\/www.alzd.de\\\/en\\\/#\\\/schema\\\/logo\\\/image\\\/\",\"url\":\"https:\\\/\\\/www.alzd.de\\\/wp-content\\\/2023\\\/08\\\/alzd_dufttagebuch.png\",\"contentUrl\":\"https:\\\/\\\/www.alzd.de\\\/wp-content\\\/2023\\\/08\\\/alzd_dufttagebuch.png\",\"width\":1804,\"height\":416,\"caption\":\"Das Duft-Tagebuch\"},\"image\":{\"@id\":\"https:\\\/\\\/www.alzd.de\\\/en\\\/#\\\/schema\\\/logo\\\/image\\\/\"},\"sameAs\":[\"https:\\\/\\\/www.facebook.com\\\/dufttagebuch\\\/\",\"https:\\\/\\\/x.com\\\/ausliebezumduft\",\"https:\\\/\\\/www.instagram.com\\\/ausliebezumduft.de\\\/\",\"https:\\\/\\\/www.youtube.com\\\/c\\\/ausliebezumduft\"]},{\"@type\":\"Person\",\"@id\":\"https:\\\/\\\/www.alzd.de\\\/en\\\/#\\\/schema\\\/person\\\/8efcd8f02447fdbe8f29ad465897d04e\",\"name\":\"Julia Bir\u00f3\",\"image\":{\"@type\":\"ImageObject\",\"inLanguage\":\"en-US\",\"@id\":\"https:\\\/\\\/www.alzd.de\\\/wp-content\\\/2018\\\/02\\\/cropped-cropped-mitarbeiterbilder_steffi--96x96.jpg\",\"url\":\"https:\\\/\\\/www.alzd.de\\\/wp-content\\\/2018\\\/02\\\/cropped-cropped-mitarbeiterbilder_steffi--96x96.jpg\",\"contentUrl\":\"https:\\\/\\\/www.alzd.de\\\/wp-content\\\/2018\\\/02\\\/cropped-cropped-mitarbeiterbilder_steffi--96x96.jpg\",\"caption\":\"Julia Bir\u00f3\"},\"description\":\"Bereits 2010 gingen so einige Blogbeitr\u00e4ge auf mein Konto. Dann war ich \u201ekurz\u201c weg \u2013 sechs Jahre. Umso mehr freut es mich, dass ich nun wieder die Chance bekomme, mein N\u00e4schen im Dienste der Duftrezension schnuppern zu lassen und eifrig in die Tasten zu hauen. Was Nischend\u00fcfte angeht, habe ich damals \u00fcbrigens schnell Feuer gefangen. Meine Ausbildung tat dazu ihr \u00dcbriges: Als diplomierte Biologin kenne ich mich nicht nur mit Fauna und Flora, sondern auch recht gut mit der Herstellung von \u00d6len und Extrakten aus, was den Reiz der Parfumwelt nat\u00fcrlich noch gr\u00f6\u00dfer macht.\",\"sameAs\":[\"https:\\\/\\\/biro.is\\\/\",\"https:\\\/\\\/www.facebook.com\\\/stephanie.tkaczik\"],\"url\":\"https:\\\/\\\/www.alzd.de\\\/en\\\/author\\\/stephanie\\\/\"}]}<\/script>\n<!-- \/ Yoast SEO plugin. -->","yoast_head_json":{"title":"Interview: Jean-Pierre Marois of Les Bains Guerbois - Part II","description":"On Friday I presented you the first part of our video conversation (you can read it here) and today it's part II.","robots":{"index":"index","follow":"follow","max-snippet":"max-snippet:-1","max-image-preview":"max-image-preview:large","max-video-preview":"max-video-preview:-1"},"canonical":"https:\/\/www.alzd.de\/en\/2022\/08\/30\/interview-jean-pierre-marois-from-les-bains-guerbois-part-ii\/","og_locale":"en_US","og_type":"article","og_title":"Interview: Jean-Pierre Marois of Les Bains Guerbois - Part II","og_url":"https:\/\/www.alzd.de\/en\/2022\/08\/30\/interview-jean-pierre-marois-from-les-bains-guerbois-part-ii\/","og_site_name":"Das Duft-Tagebuch","article_publisher":"https:\/\/www.facebook.com\/dufttagebuch\/","article_author":"https:\/\/www.facebook.com\/stephanie.tkaczik","article_published_time":"2022-08-30T05:30:00+00:00","article_modified_time":"2022-08-30T08:52:09+00:00","og_image":[{"width":720,"height":400,"url":"https:\/\/www.alzd.de\/wp-content\/2022\/08\/bb_27355737_1709554185772442_1174889222860189158_o.jpg","type":"image\/jpeg"}],"author":"Julia Bir\u00f3","twitter_card":"summary_large_image","twitter_creator":"@ausliebezumduft","twitter_site":"@ausliebezumduft","schema":{"@context":"https:\/\/schema.org","@graph":[{"@type":"Article","@id":"https:\/\/www.alzd.de\/en\/2022\/08\/30\/interview-jean-pierre-marois-from-les-bains-guerbois-part-ii\/#article","isPartOf":{"@id":"https:\/\/www.alzd.de\/en\/2022\/08\/30\/interview-jean-pierre-marois-from-les-bains-guerbois-part-ii\/"},"author":{"name":"Julia Bir\u00f3","@id":"https:\/\/www.alzd.de\/en\/#\/schema\/person\/8efcd8f02447fdbe8f29ad465897d04e"},"headline":"Interview: Jean-Pierre Marois from Les Bains Guerbois &#8211; Part II","datePublished":"2022-08-30T05:30:00+00:00","dateModified":"2022-08-30T08:52:09+00:00","mainEntityOfPage":{"@id":"https:\/\/www.alzd.de\/en\/2022\/08\/30\/interview-jean-pierre-marois-from-les-bains-guerbois-part-ii\/"},"wordCount":1056,"commentCount":0,"publisher":{"@id":"https:\/\/www.alzd.de\/en\/#organization"},"image":{"@id":"https:\/\/www.alzd.de\/en\/2022\/08\/30\/interview-jean-pierre-marois-from-les-bains-guerbois-part-ii\/#primaryimage"},"thumbnailUrl":"https:\/\/www.alzd.de\/wp-content\/2022\/08\/bb_2Q5A1910.jpg","keywords":["Interviews","Les Bains Guerbois 1885"],"articleSection":["General","Interview","Useful Information"],"inLanguage":"en-US","potentialAction":[{"@type":"CommentAction","name":"Comment","target":["https:\/\/www.alzd.de\/en\/2022\/08\/30\/interview-jean-pierre-marois-from-les-bains-guerbois-part-ii\/#respond"]}]},{"@type":"WebPage","@id":"https:\/\/www.alzd.de\/en\/2022\/08\/30\/interview-jean-pierre-marois-from-les-bains-guerbois-part-ii\/","url":"https:\/\/www.alzd.de\/en\/2022\/08\/30\/interview-jean-pierre-marois-from-les-bains-guerbois-part-ii\/","name":"Interview: Jean-Pierre Marois of Les Bains Guerbois - Part II","isPartOf":{"@id":"https:\/\/www.alzd.de\/en\/#website"},"primaryImageOfPage":{"@id":"https:\/\/www.alzd.de\/en\/2022\/08\/30\/interview-jean-pierre-marois-from-les-bains-guerbois-part-ii\/#primaryimage"},"image":{"@id":"https:\/\/www.alzd.de\/en\/2022\/08\/30\/interview-jean-pierre-marois-from-les-bains-guerbois-part-ii\/#primaryimage"},"thumbnailUrl":"https:\/\/www.alzd.de\/wp-content\/2022\/08\/bb_2Q5A1910.jpg","datePublished":"2022-08-30T05:30:00+00:00","dateModified":"2022-08-30T08:52:09+00:00","description":"On Friday I presented you the first part of our video conversation (you can read it here) and today it's part II.","breadcrumb":{"@id":"https:\/\/www.alzd.de\/en\/2022\/08\/30\/interview-jean-pierre-marois-from-les-bains-guerbois-part-ii\/#breadcrumb"},"inLanguage":"en-US","potentialAction":[{"@type":"ReadAction","target":["https:\/\/www.alzd.de\/en\/2022\/08\/30\/interview-jean-pierre-marois-from-les-bains-guerbois-part-ii\/"]}]},{"@type":"ImageObject","inLanguage":"en-US","@id":"https:\/\/www.alzd.de\/en\/2022\/08\/30\/interview-jean-pierre-marois-from-les-bains-guerbois-part-ii\/#primaryimage","url":"https:\/\/www.alzd.de\/wp-content\/2022\/08\/bb_2Q5A1910.jpg","contentUrl":"https:\/\/www.alzd.de\/wp-content\/2022\/08\/bb_2Q5A1910.jpg","width":720,"height":400},{"@type":"BreadcrumbList","@id":"https:\/\/www.alzd.de\/en\/2022\/08\/30\/interview-jean-pierre-marois-from-les-bains-guerbois-part-ii\/#breadcrumb","itemListElement":[{"@type":"ListItem","position":1,"name":"Startseite","item":"https:\/\/www.alzd.de\/en\/"},{"@type":"ListItem","position":2,"name":"Interview: Jean-Pierre Marois from Les Bains Guerbois &#8211; Part II"}]},{"@type":"WebSite","@id":"https:\/\/www.alzd.de\/en\/#website","url":"https:\/\/www.alzd.de\/en\/","name":"Das Duft-Tagebuch","description":"Das Parfumblog von Aus Liebe zum Duft","publisher":{"@id":"https:\/\/www.alzd.de\/en\/#organization"},"potentialAction":[{"@type":"SearchAction","target":{"@type":"EntryPoint","urlTemplate":"https:\/\/www.alzd.de\/en\/?s={search_term_string}"},"query-input":{"@type":"PropertyValueSpecification","valueRequired":true,"valueName":"search_term_string"}}],"inLanguage":"en-US"},{"@type":"Organization","@id":"https:\/\/www.alzd.de\/en\/#organization","name":"Das Duft-Tagebuch","url":"https:\/\/www.alzd.de\/en\/","logo":{"@type":"ImageObject","inLanguage":"en-US","@id":"https:\/\/www.alzd.de\/en\/#\/schema\/logo\/image\/","url":"https:\/\/www.alzd.de\/wp-content\/2023\/08\/alzd_dufttagebuch.png","contentUrl":"https:\/\/www.alzd.de\/wp-content\/2023\/08\/alzd_dufttagebuch.png","width":1804,"height":416,"caption":"Das Duft-Tagebuch"},"image":{"@id":"https:\/\/www.alzd.de\/en\/#\/schema\/logo\/image\/"},"sameAs":["https:\/\/www.facebook.com\/dufttagebuch\/","https:\/\/x.com\/ausliebezumduft","https:\/\/www.instagram.com\/ausliebezumduft.de\/","https:\/\/www.youtube.com\/c\/ausliebezumduft"]},{"@type":"Person","@id":"https:\/\/www.alzd.de\/en\/#\/schema\/person\/8efcd8f02447fdbe8f29ad465897d04e","name":"Julia Bir\u00f3","image":{"@type":"ImageObject","inLanguage":"en-US","@id":"https:\/\/www.alzd.de\/wp-content\/2018\/02\/cropped-cropped-mitarbeiterbilder_steffi--96x96.jpg","url":"https:\/\/www.alzd.de\/wp-content\/2018\/02\/cropped-cropped-mitarbeiterbilder_steffi--96x96.jpg","contentUrl":"https:\/\/www.alzd.de\/wp-content\/2018\/02\/cropped-cropped-mitarbeiterbilder_steffi--96x96.jpg","caption":"Julia Bir\u00f3"},"description":"Bereits 2010 gingen so einige Blogbeitr\u00e4ge auf mein Konto. Dann war ich \u201ekurz\u201c weg \u2013 sechs Jahre. Umso mehr freut es mich, dass ich nun wieder die Chance bekomme, mein N\u00e4schen im Dienste der Duftrezension schnuppern zu lassen und eifrig in die Tasten zu hauen. Was Nischend\u00fcfte angeht, habe ich damals \u00fcbrigens schnell Feuer gefangen. Meine Ausbildung tat dazu ihr \u00dcbriges: Als diplomierte Biologin kenne ich mich nicht nur mit Fauna und Flora, sondern auch recht gut mit der Herstellung von \u00d6len und Extrakten aus, was den Reiz der Parfumwelt nat\u00fcrlich noch gr\u00f6\u00dfer macht.","sameAs":["https:\/\/biro.is\/","https:\/\/www.facebook.com\/stephanie.tkaczik"],"url":"https:\/\/www.alzd.de\/en\/author\/stephanie\/"}]}},"wp-worthy-pixel":{"ignored":false,"public":null,"server":null,"url":null},"wp-worthy-type":"normal","_links":{"self":[{"href":"https:\/\/www.alzd.de\/en\/wp-json\/wp\/v2\/posts\/100326","targetHints":{"allow":["GET"]}}],"collection":[{"href":"https:\/\/www.alzd.de\/en\/wp-json\/wp\/v2\/posts"}],"about":[{"href":"https:\/\/www.alzd.de\/en\/wp-json\/wp\/v2\/types\/post"}],"author":[{"embeddable":true,"href":"https:\/\/www.alzd.de\/en\/wp-json\/wp\/v2\/users\/535"}],"replies":[{"embeddable":true,"href":"https:\/\/www.alzd.de\/en\/wp-json\/wp\/v2\/comments?post=100326"}],"version-history":[{"count":3,"href":"https:\/\/www.alzd.de\/en\/wp-json\/wp\/v2\/posts\/100326\/revisions"}],"predecessor-version":[{"id":100329,"href":"https:\/\/www.alzd.de\/en\/wp-json\/wp\/v2\/posts\/100326\/revisions\/100329"}],"wp:featuredmedia":[{"embeddable":true,"href":"https:\/\/www.alzd.de\/en\/wp-json\/wp\/v2\/media\/100373"}],"wp:attachment":[{"href":"https:\/\/www.alzd.de\/en\/wp-json\/wp\/v2\/media?parent=100326"}],"wp:term":[{"taxonomy":"category","embeddable":true,"href":"https:\/\/www.alzd.de\/en\/wp-json\/wp\/v2\/categories?post=100326"},{"taxonomy":"post_tag","embeddable":true,"href":"https:\/\/www.alzd.de\/en\/wp-json\/wp\/v2\/tags?post=100326"}],"curies":[{"name":"wp","href":"https:\/\/api.w.org\/{rel}","templated":true}]}}